{"id":3489,"date":"2026-03-09T14:38:29","date_gmt":"2026-03-09T13:38:29","guid":{"rendered":"https:\/\/www.csgrandvire.fr\/?p=3489"},"modified":"2026-03-09T14:39:01","modified_gmt":"2026-03-09T13:39:01","slug":"sortie-familiale-31","status":"publish","type":"post","link":"https:\/\/www.csgrandvire.fr\/index.php\/2026\/03\/09\/sortie-familiale-31\/","title":{"rendered":"Sortie familiale"},"content":{"rendered":"\n<p><img loading=\"lazy\" decoding=\"async\" height=\"16\" width=\"16\" alt=\"\ud83c\udfdb\ufe0f\" src=\"https:\/\/static.xx.fbcdn.net\/images\/emoji.php\/v9\/t89\/1\/16\/1f3db.png\"> SORTIE FAMILIALE : PLONG\u00c9E DANS L&rsquo;HISTOIRE !<\/p>\n\n\n\n<p>Le Centre Social Le Grand Vire vous emm\u00e8ne au Mus\u00e9e de la R\u00e9volution !<\/p>\n\n\n\n<p><img loading=\"lazy\" decoding=\"async\" height=\"16\" width=\"16\" src=\"https:\/\/static.xx.fbcdn.net\/images\/emoji.php\/v9\/t7e\/1\/16\/1f4c5.png\" alt=\"\ud83d\udcc5\"> Quand ? Le samedi 28 mars 2026<\/p>\n\n\n\n<p><img loading=\"lazy\" decoding=\"async\" height=\"16\" width=\"16\" src=\"https:\/\/static.xx.fbcdn.net\/images\/emoji.php\/v9\/t2d\/1\/16\/1f4cd.png\" alt=\"\ud83d\udccd\"> O\u00f9 ? Au Mus\u00e9e de la R\u00e9volution<\/p>\n\n\n\n<p><img loading=\"lazy\" decoding=\"async\" height=\"16\" width=\"16\" src=\"https:\/\/static.xx.fbcdn.net\/images\/emoji.php\/v9\/te0\/1\/16\/1f31f.png\" alt=\"\ud83c\udf1f\">  Au programme de cette journ\u00e9e :<\/p>\n\n\n\n<p><img loading=\"lazy\" decoding=\"async\" height=\"16\" width=\"16\" src=\"https:\/\/static.xx.fbcdn.net\/images\/emoji.php\/v9\/t4e\/1\/16\/1f5bc.png\" alt=\"\ud83d\uddbc\ufe0f\">  Visite guid\u00e9e du mus\u00e9e pour d\u00e9couvrir tous ses secrets.<\/p>\n\n\n\n<p><img loading=\"lazy\" decoding=\"async\" height=\"16\" width=\"16\" src=\"https:\/\/static.xx.fbcdn.net\/images\/emoji.php\/v9\/tae\/1\/16\/1f3ad.png\" alt=\"\ud83c\udfad\">  Atelier costum\u00e9 sp\u00e9cialement pour les enfants.<\/p>\n\n\n\n<p><img loading=\"lazy\" decoding=\"async\" height=\"16\" width=\"16\" src=\"https:\/\/static.xx.fbcdn.net\/images\/emoji.php\/v9\/tdb\/1\/16\/1f575_200d_2642.png\" alt=\"\ud83d\udd75\ufe0f\u200d\u2642\ufe0f\">  Jeu de piste ludique dans les magnifiques jardins du domaine.<\/p>\n\n\n\n<p><img loading=\"lazy\" decoding=\"async\" height=\"16\" width=\"16\" src=\"https:\/\/static.xx.fbcdn.net\/images\/emoji.php\/v9\/t7e\/1\/16\/1f4c5.png\" alt=\"\ud83d\udcc5\">  Inscriptions : Le lundi 16 mars.<\/p>\n\n\n\n<p><img loading=\"lazy\" decoding=\"async\" height=\"16\" width=\"16\" src=\"https:\/\/static.xx.fbcdn.net\/images\/emoji.php\/v9\/tb0\/1\/16\/1f558.png\" alt=\"\ud83d\udd58\">  Horaires : De 9h30 \u00e0 12h30.<\/p>\n\n\n\n<p><img loading=\"lazy\" decoding=\"async\" height=\"16\" width=\"16\" alt=\"\ud83d\udcde\" src=\"https:\/\/static.xx.fbcdn.net\/images\/emoji.php\/v9\/t4d\/1\/16\/1f4de.png\"> Contact : 07 69 08 77 65.<\/p>\n\n\n\n<p>C\u00f4t\u00e9 tarifs :<\/p>\n\n\n\n<p>Adultes (+12 ans) : Entre 7 \u20ac et 13 \u20ac.<\/p>\n\n\n\n<p>Enfants (-12 ans) : Entre 4 \u20ac et 10 \u20ac.<\/p>\n\n\n\n<p>10 \u20ac d&rsquo;adh\u00e9sion.<\/p>\n\n\n\n<p>Venez partager un moment convivial et culturel avec nous !<\/p>\n\n\n\n<figure class=\"wp-block-image size-large\"><img loading=\"lazy\" decoding=\"async\" width=\"724\" height=\"1024\" src=\"https:\/\/www.csgrandvire.fr\/wp-content\/uploads\/2026\/03\/IMAGE-SF-MUSEE-724x1024.png\" alt=\"\" class=\"wp-image-3490\" srcset=\"https:\/\/www.csgrandvire.fr\/wp-content\/uploads\/2026\/03\/IMAGE-SF-MUSEE-724x1024.png 724w, https:\/\/www.csgrandvire.fr\/wp-content\/uploads\/2026\/03\/IMAGE-SF-MUSEE-212x300.png 212w, https:\/\/www.csgrandvire.fr\/wp-content\/uploads\/2026\/03\/IMAGE-SF-MUSEE-768x1086.png 768w, https:\/\/www.csgrandvire.fr\/wp-content\/uploads\/2026\/03\/IMAGE-SF-MUSEE-1086x1536.png 1086w, https:\/\/www.csgrandvire.fr\/wp-content\/uploads\/2026\/03\/IMAGE-SF-MUSEE.png 1414w\" sizes=\"auto, (max-width: 724px) 100vw, 724px\" \/><\/figure>\n\n\n\n<p><\/p>\n","protected":false},"excerpt":{"rendered":"<div class=\"mh-excerpt\"><p>SORTIE FAMILIALE : PLONG\u00c9E DANS L&rsquo;HISTOIRE ! Le Centre Social Le Grand Vire vous emm\u00e8ne au Mus\u00e9e de la R\u00e9volution ! Quand ? Le samedi <a class=\"mh-excerpt-more\" href=\"https:\/\/www.csgrandvire.fr\/index.php\/2026\/03\/09\/sortie-familiale-31\/\" title=\"Sortie familiale\">[&#8230;]<\/a><\/p>\n<\/div>","protected":false},"author":4,"featured_media":3491,"comment_status":"closed","ping_status":"closed","sticky":false,"template":"","format":"standard","meta":{"sfsi_plus_gutenberg_text_before_share":"","sfsi_plus_gutenberg_show_text_before_share":"","sfsi_plus_gutenberg_icon_type":"","sfsi_plus_gutenberg_icon_alignemt":"","sfsi_plus_gutenburg_max_per_row":"","_exactmetrics_skip_tracking":false,"_exactmetrics_sitenote_active":false,"_exactmetrics_sitenote_note":"","_exactmetrics_sitenote_category":0,"footnotes":""},"categories":[1],"tags":[],"class_list":["post-3489","post","type-post","status-publish","format-standard","has-post-thumbnail","hentry","category-non-classe"],"_links":{"self":[{"href":"https:\/\/www.csgrandvire.fr\/index.php\/wp-json\/wp\/v2\/posts\/3489","targetHints":{"allow":["GET"]}}],"collection":[{"href":"https:\/\/www.csgrandvire.fr\/index.php\/wp-json\/wp\/v2\/posts"}],"about":[{"href":"https:\/\/www.csgrandvire.fr\/index.php\/wp-json\/wp\/v2\/types\/post"}],"author":[{"embeddable":true,"href":"https:\/\/www.csgrandvire.fr\/index.php\/wp-json\/wp\/v2\/users\/4"}],"replies":[{"embeddable":true,"href":"https:\/\/www.csgrandvire.fr\/index.php\/wp-json\/wp\/v2\/comments?post=3489"}],"version-history":[{"count":1,"href":"https:\/\/www.csgrandvire.fr\/index.php\/wp-json\/wp\/v2\/posts\/3489\/revisions"}],"predecessor-version":[{"id":3492,"href":"https:\/\/www.csgrandvire.fr\/index.php\/wp-json\/wp\/v2\/posts\/3489\/revisions\/3492"}],"wp:featuredmedia":[{"embeddable":true,"href":"https:\/\/www.csgrandvire.fr\/index.php\/wp-json\/wp\/v2\/media\/3491"}],"wp:attachment":[{"href":"https:\/\/www.csgrandvire.fr\/index.php\/wp-json\/wp\/v2\/media?parent=3489"}],"wp:term":[{"taxonomy":"category","embeddable":true,"href":"https:\/\/www.csgrandvire.fr\/index.php\/wp-json\/wp\/v2\/categories?post=3489"},{"taxonomy":"post_tag","embeddable":true,"href":"https:\/\/www.csgrandvire.fr\/index.php\/wp-json\/wp\/v2\/tags?post=3489"}],"curies":[{"name":"wp","href":"https:\/\/api.w.org\/{rel}","templated":true}]}}