{"id":956,"date":"2019-09-10T16:58:03","date_gmt":"2019-09-10T14:58:03","guid":{"rendered":"http:\/\/csgrandvire.fr\/?p=956"},"modified":"2019-09-17T15:19:39","modified_gmt":"2019-09-17T13:19:39","slug":"accompagnement-scolaire","status":"publish","type":"post","link":"http:\/\/www.csgrandvire.fr\/index.php\/2019\/09\/10\/accompagnement-scolaire\/","title":{"rendered":"Pr\u00e9-inscription Accompagnement scolaire"},"content":{"rendered":"\n<div class=\"wp-block-image\"><figure class=\"aligncenter is-resized\"><img loading=\"lazy\" decoding=\"async\" src=\"http:\/\/csgrandvire.fr\/wp-content\/uploads\/2019\/08\/IMG_3783-1024x768.jpg\" alt=\"\" class=\"wp-image-705\" width=\"233\" height=\"175\" srcset=\"http:\/\/www.csgrandvire.fr\/wp-content\/uploads\/2019\/08\/IMG_3783-1024x768.jpg 1024w, http:\/\/www.csgrandvire.fr\/wp-content\/uploads\/2019\/08\/IMG_3783-300x225.jpg 300w, http:\/\/www.csgrandvire.fr\/wp-content\/uploads\/2019\/08\/IMG_3783-768x576.jpg 768w, http:\/\/www.csgrandvire.fr\/wp-content\/uploads\/2019\/08\/IMG_3783-678x509.jpg 678w, http:\/\/www.csgrandvire.fr\/wp-content\/uploads\/2019\/08\/IMG_3783-326x245.jpg 326w, http:\/\/www.csgrandvire.fr\/wp-content\/uploads\/2019\/08\/IMG_3783-80x60.jpg 80w\" sizes=\"auto, (max-width: 233px) 100vw, 233px\" \/><\/figure><\/div>\n\n\n\n<p>Le Centre Social Le Grand Vire propose de l&rsquo;accompagnement scolaire pour les enfants de la primaire (\u00e0 partir du CE1) au lyc\u00e9e (hors vacances scolaires). <\/p>\n\n\n\n<p> Pr\u00e9-inscription <strong>d\u00e8s le lundi 9 septembre.  <\/strong><\/p>\n\n\n\n<p>Places limit\u00e9es!!!<\/p>\n\n\n\n<p>Tarif par enfant : 15\u20ac l&rsquo;ann\u00e9e <\/p>\n\n\n\n<p>Adh\u00e9sion familiale 10 \u20ac<\/p>\n\n\n\n<p>N&rsquo;h\u00e9sitez pas \u00e0 vous renseigner \u00e0 l&rsquo;accueil du centre social ou par t\u00e9l\u00e9phone au 04 78 80 73 93.<\/p>\n","protected":false},"excerpt":{"rendered":"<div class=\"mh-excerpt\"><p>Le Centre Social Le Grand Vire propose de l&rsquo;accompagnement scolaire pour les enfants de la primaire (\u00e0 partir du CE1) au lyc\u00e9e (hors vacances scolaires). <a class=\"mh-excerpt-more\" href=\"http:\/\/www.csgrandvire.fr\/index.php\/2019\/09\/10\/accompagnement-scolaire\/\" title=\"Pr\u00e9-inscription Accompagnement scolaire\">[&#8230;]<\/a><\/p>\n<\/div>","protected":false},"author":4,"featured_media":705,"comment_status":"closed","ping_status":"closed","sticky":false,"template":"","format":"standard","meta":{"sfsi_plus_gutenberg_text_before_share":"","sfsi_plus_gutenberg_show_text_before_share":"","sfsi_plus_gutenberg_icon_type":"","sfsi_plus_gutenberg_icon_alignemt":"","sfsi_plus_gutenburg_max_per_row":"","_exactmetrics_skip_tracking":false,"_exactmetrics_sitenote_active":false,"_exactmetrics_sitenote_note":"","_exactmetrics_sitenote_category":0,"footnotes":""},"categories":[1],"tags":[],"class_list":["post-956","post","type-post","status-publish","format-standard","has-post-thumbnail","hentry","category-non-classe"],"_links":{"self":[{"href":"http:\/\/www.csgrandvire.fr\/index.php\/wp-json\/wp\/v2\/posts\/956","targetHints":{"allow":["GET"]}}],"collection":[{"href":"http:\/\/www.csgrandvire.fr\/index.php\/wp-json\/wp\/v2\/posts"}],"about":[{"href":"http:\/\/www.csgrandvire.fr\/index.php\/wp-json\/wp\/v2\/types\/post"}],"author":[{"embeddable":true,"href":"http:\/\/www.csgrandvire.fr\/index.php\/wp-json\/wp\/v2\/users\/4"}],"replies":[{"embeddable":true,"href":"http:\/\/www.csgrandvire.fr\/index.php\/wp-json\/wp\/v2\/comments?post=956"}],"version-history":[{"count":2,"href":"http:\/\/www.csgrandvire.fr\/index.php\/wp-json\/wp\/v2\/posts\/956\/revisions"}],"predecessor-version":[{"id":959,"href":"http:\/\/www.csgrandvire.fr\/index.php\/wp-json\/wp\/v2\/posts\/956\/revisions\/959"}],"wp:featuredmedia":[{"embeddable":true,"href":"http:\/\/www.csgrandvire.fr\/index.php\/wp-json\/wp\/v2\/media\/705"}],"wp:attachment":[{"href":"http:\/\/www.csgrandvire.fr\/index.php\/wp-json\/wp\/v2\/media?parent=956"}],"wp:term":[{"taxonomy":"category","embeddable":true,"href":"http:\/\/www.csgrandvire.fr\/index.php\/wp-json\/wp\/v2\/categories?post=956"},{"taxonomy":"post_tag","embeddable":true,"href":"http:\/\/www.csgrandvire.fr\/index.php\/wp-json\/wp\/v2\/tags?post=956"}],"curies":[{"name":"wp","href":"https:\/\/api.w.org\/{rel}","templated":true}]}}