{"id":3423,"date":"2025-12-10T11:14:19","date_gmt":"2025-12-10T10:14:19","guid":{"rendered":"https:\/\/www.csgrandvire.fr\/?p=3423"},"modified":"2025-12-10T11:14:51","modified_gmt":"2025-12-10T10:14:51","slug":"fete-de-lhiver-au-centre-ville-2","status":"publish","type":"post","link":"http:\/\/www.csgrandvire.fr\/index.php\/2025\/12\/10\/fete-de-lhiver-au-centre-ville-2\/","title":{"rendered":"F\u00eate de l\u2019Hiver au Centre-Ville"},"content":{"rendered":"\n<h2 class=\"wp-block-heading\">Vendredi 19 d\u00e9cembre 2025 \u2013 de 17h \u00e0 21h<\/h2>\n\n\n\n<p><strong>Place de la Nation \u2013 Vaulx-en-Velin<\/strong><\/p>\n\n\n\n<p>Le Centre Social <strong>Le Grand Vire<\/strong>, en partenariat avec l\u2019<strong>association des commer\u00e7ants du centre-ville<\/strong>, organise la <strong>3\u1d49 \u00e9dition de la F\u00eate de l\u2019Hiver<\/strong>.<br>Cet \u00e9v\u00e9nement convivial et familial marque un temps fort de la vie du quartier et rassemble chaque ann\u00e9e de nombreux habitants.<\/p>\n\n\n\n<h3 class=\"wp-block-heading\">\u2b50 Au programme de cette \u00e9dition :<\/h3>\n\n\n\n<ul class=\"wp-block-list\">\n<li>\u2728 <strong>Spectacle de rue f\u00e9\u00e9rique : lumi\u00e8re et feu<\/strong><\/li>\n\n\n\n<li>\ud83c\udf85\ud83e\udd36 <strong>D\u00e9ambulation du P\u00e8re et de la M\u00e8re No\u00ebl<\/strong><\/li>\n\n\n\n<li>\ud83d\udc2d <strong>D\u00e9ambulation de mascottes<\/strong><\/li>\n\n\n\n<li>\ud83c\udfb6 <strong>Animations musicales<\/strong><\/li>\n\n\n\n<li>\ud83e\udeb5 <strong>Jeux en bois pour tous les \u00e2ges<\/strong><\/li>\n\n\n\n<li>\u2615\ud83c\udf2d <strong>Boissons chaudes et petite restauration<\/strong><\/li>\n\n\n\n<li>\ud83c\udf81 <strong>Distribution de cadeaux pour les enfants<\/strong><\/li>\n\n\n\n<li>\ud83c\udf84 <strong>Mini-march\u00e9 de No\u00ebl<\/strong><\/li>\n\n\n\n<li>\ud83c\udf89 Et de nombreuses autres surprises\u2026<\/li>\n<\/ul>\n\n\n\n<h3 class=\"wp-block-heading\">\ud83c\udf84 Un moment festif \u00e0 partager<\/h3>\n\n\n\n<p>Nous vous attendons nombreux pour c\u00e9l\u00e9brer ensemble l\u2019esprit de l\u2019hiver au c\u0153ur de notre ville.<\/p>\n","protected":false},"excerpt":{"rendered":"<div class=\"mh-excerpt\"><p>Vendredi 19 d\u00e9cembre 2025 \u2013 de 17h \u00e0 21h Place de la Nation \u2013 Vaulx-en-Velin Le Centre Social Le Grand Vire, en partenariat avec l\u2019association <a class=\"mh-excerpt-more\" href=\"http:\/\/www.csgrandvire.fr\/index.php\/2025\/12\/10\/fete-de-lhiver-au-centre-ville-2\/\" title=\"F\u00eate de l\u2019Hiver au Centre-Ville\">[&#8230;]<\/a><\/p>\n<\/div>","protected":false},"author":1,"featured_media":3424,"comment_status":"closed","ping_status":"closed","sticky":false,"template":"","format":"standard","meta":{"sfsi_plus_gutenberg_text_before_share":"","sfsi_plus_gutenberg_show_text_before_share":"","sfsi_plus_gutenberg_icon_type":"","sfsi_plus_gutenberg_icon_alignemt":"","sfsi_plus_gutenburg_max_per_row":"","_exactmetrics_skip_tracking":false,"_exactmetrics_sitenote_active":false,"_exactmetrics_sitenote_note":"","_exactmetrics_sitenote_category":0,"footnotes":""},"categories":[1],"tags":[],"class_list":["post-3423","post","type-post","status-publish","format-standard","has-post-thumbnail","hentry","category-non-classe"],"_links":{"self":[{"href":"http:\/\/www.csgrandvire.fr\/index.php\/wp-json\/wp\/v2\/posts\/3423","targetHints":{"allow":["GET"]}}],"collection":[{"href":"http:\/\/www.csgrandvire.fr\/index.php\/wp-json\/wp\/v2\/posts"}],"about":[{"href":"http:\/\/www.csgrandvire.fr\/index.php\/wp-json\/wp\/v2\/types\/post"}],"author":[{"embeddable":true,"href":"http:\/\/www.csgrandvire.fr\/index.php\/wp-json\/wp\/v2\/users\/1"}],"replies":[{"embeddable":true,"href":"http:\/\/www.csgrandvire.fr\/index.php\/wp-json\/wp\/v2\/comments?post=3423"}],"version-history":[{"count":1,"href":"http:\/\/www.csgrandvire.fr\/index.php\/wp-json\/wp\/v2\/posts\/3423\/revisions"}],"predecessor-version":[{"id":3425,"href":"http:\/\/www.csgrandvire.fr\/index.php\/wp-json\/wp\/v2\/posts\/3423\/revisions\/3425"}],"wp:featuredmedia":[{"embeddable":true,"href":"http:\/\/www.csgrandvire.fr\/index.php\/wp-json\/wp\/v2\/media\/3424"}],"wp:attachment":[{"href":"http:\/\/www.csgrandvire.fr\/index.php\/wp-json\/wp\/v2\/media?parent=3423"}],"wp:term":[{"taxonomy":"category","embeddable":true,"href":"http:\/\/www.csgrandvire.fr\/index.php\/wp-json\/wp\/v2\/categories?post=3423"},{"taxonomy":"post_tag","embeddable":true,"href":"http:\/\/www.csgrandvire.fr\/index.php\/wp-json\/wp\/v2\/tags?post=3423"}],"curies":[{"name":"wp","href":"https:\/\/api.w.org\/{rel}","templated":true}]}}