{"id":3346,"date":"2025-07-14T13:58:20","date_gmt":"2025-07-14T11:58:20","guid":{"rendered":"https:\/\/www.csgrandvire.fr\/?p=3346"},"modified":"2025-07-14T13:58:23","modified_gmt":"2025-07-14T11:58:23","slug":"recrutement-animateurs-mercredis-de-lannee-scolaire-2025-2026","status":"publish","type":"post","link":"http:\/\/www.csgrandvire.fr\/index.php\/2025\/07\/14\/recrutement-animateurs-mercredis-de-lannee-scolaire-2025-2026\/","title":{"rendered":"Recrutement animateurs mercredis de l\u2019ann\u00e9e scolaire 2025\/2026"},"content":{"rendered":"\n<p>\ud83c\udf89 <strong>Le Centre Social Le Grand Vire recrute !<\/strong> \ud83c\udf89<br>Tu es <strong>animateur\u00b7rice dipl\u00f4m\u00e9\u00b7e BAFA<\/strong> ? Tu aimes travailler avec les enfants et cr\u00e9er des animations \u00e9ducatives et ludiques ?<br>\ud83d\udc49 Nous cherchons des animateur\u00b7rices pour les <strong>mercredis de l\u2019ann\u00e9e scolaire 2025\/2026<\/strong> !<\/p>\n\n\n\n<p>\ud83d\udccc Tes missions :<br>\u2705 Accueil des parents<br>\u2705 Encadrement d\u2019enfants de 3 \u00e0 11 ans<br>\u2705 Animation d\u2019activit\u00e9s p\u00e9dagogiques<br>\u2705 Application de la r\u00e9glementation ACM<br>\u2705 Participation au projet p\u00e9dagogique du centre<\/p>\n\n\n\n<p>\ud83e\udde0 Ce qu\u2019on attend de toi : dynamisme, cr\u00e9ativit\u00e9, sens des responsabilit\u00e9s et de l\u2019organisation, travail en \u00e9quipe et exp\u00e9rience dans l\u2019animation !<\/p>\n\n\n\n<p>\ud83d\udcb0 <strong>Forfait CEE<\/strong> : 86\u20ac brut\/jour <strong>repas compris<\/strong><\/p>\n\n\n\n<p>\ud83d\udccd <strong>Centre Social Le Grand Vire<\/strong> \u2013 23 Rue Jules Romains, Vaulx-en-Velin<br>\ud83d\udce9 Envoie ton <strong>CV + disponibilit\u00e9s<\/strong> \u00e0 : <strong><a>contact@csgrandvire.fr<\/a><\/strong><\/p>\n\n\n\n<p>Rejoins une \u00e9quipe engag\u00e9e pour faire vivre des mercredis riches en d\u00e9couvertes aux enfants du quartier ! \ud83c\udf1f<br>#Recrutement #Animation #BAFA #CentreSocial #VaulxenVelin #MercredisR\u00e9cr\u00e9atifs #LeGrandVire<\/p>\n","protected":false},"excerpt":{"rendered":"<div class=\"mh-excerpt\"><p>\ud83c\udf89 Le Centre Social Le Grand Vire recrute ! \ud83c\udf89Tu es animateur\u00b7rice dipl\u00f4m\u00e9\u00b7e BAFA ? Tu aimes travailler avec les enfants et cr\u00e9er des animations <a class=\"mh-excerpt-more\" href=\"http:\/\/www.csgrandvire.fr\/index.php\/2025\/07\/14\/recrutement-animateurs-mercredis-de-lannee-scolaire-2025-2026\/\" title=\"Recrutement animateurs mercredis de l\u2019ann\u00e9e scolaire 2025\/2026\">[&#8230;]<\/a><\/p>\n<\/div>","protected":false},"author":1,"featured_media":3347,"comment_status":"closed","ping_status":"closed","sticky":false,"template":"","format":"standard","meta":{"sfsi_plus_gutenberg_text_before_share":"","sfsi_plus_gutenberg_show_text_before_share":"","sfsi_plus_gutenberg_icon_type":"","sfsi_plus_gutenberg_icon_alignemt":"","sfsi_plus_gutenburg_max_per_row":"","_exactmetrics_skip_tracking":false,"_exactmetrics_sitenote_active":false,"_exactmetrics_sitenote_note":"","_exactmetrics_sitenote_category":0,"footnotes":""},"categories":[1],"tags":[],"class_list":["post-3346","post","type-post","status-publish","format-standard","has-post-thumbnail","hentry","category-non-classe"],"_links":{"self":[{"href":"http:\/\/www.csgrandvire.fr\/index.php\/wp-json\/wp\/v2\/posts\/3346","targetHints":{"allow":["GET"]}}],"collection":[{"href":"http:\/\/www.csgrandvire.fr\/index.php\/wp-json\/wp\/v2\/posts"}],"about":[{"href":"http:\/\/www.csgrandvire.fr\/index.php\/wp-json\/wp\/v2\/types\/post"}],"author":[{"embeddable":true,"href":"http:\/\/www.csgrandvire.fr\/index.php\/wp-json\/wp\/v2\/users\/1"}],"replies":[{"embeddable":true,"href":"http:\/\/www.csgrandvire.fr\/index.php\/wp-json\/wp\/v2\/comments?post=3346"}],"version-history":[{"count":1,"href":"http:\/\/www.csgrandvire.fr\/index.php\/wp-json\/wp\/v2\/posts\/3346\/revisions"}],"predecessor-version":[{"id":3348,"href":"http:\/\/www.csgrandvire.fr\/index.php\/wp-json\/wp\/v2\/posts\/3346\/revisions\/3348"}],"wp:featuredmedia":[{"embeddable":true,"href":"http:\/\/www.csgrandvire.fr\/index.php\/wp-json\/wp\/v2\/media\/3347"}],"wp:attachment":[{"href":"http:\/\/www.csgrandvire.fr\/index.php\/wp-json\/wp\/v2\/media?parent=3346"}],"wp:term":[{"taxonomy":"category","embeddable":true,"href":"http:\/\/www.csgrandvire.fr\/index.php\/wp-json\/wp\/v2\/categories?post=3346"},{"taxonomy":"post_tag","embeddable":true,"href":"http:\/\/www.csgrandvire.fr\/index.php\/wp-json\/wp\/v2\/tags?post=3346"}],"curies":[{"name":"wp","href":"https:\/\/api.w.org\/{rel}","templated":true}]}}