{"id":3319,"date":"2025-06-27T17:23:31","date_gmt":"2025-06-27T15:23:31","guid":{"rendered":"https:\/\/www.csgrandvire.fr\/?p=3319"},"modified":"2025-06-27T17:27:27","modified_gmt":"2025-06-27T15:27:27","slug":"soirees-dete-quartiers-est","status":"publish","type":"post","link":"http:\/\/www.csgrandvire.fr\/index.php\/2025\/06\/27\/soirees-dete-quartiers-est\/","title":{"rendered":"Soir\u00e9es d\u2019\u00e9t\u00e9 \u2013 Quartiers Est"},"content":{"rendered":"\n<p>Le Centre Social <strong>Le Grand Vire<\/strong> vous invite \u00e0 partager des <strong>soir\u00e9es festives, cr\u00e9atives et familiales<\/strong> tout au long du mois de juillet ! En partenariat avec de nombreuses associations vaudaises ! <br><strong>Ouvert \u00e0 toutes et tous<\/strong>, chaque soir\u00e9e propose une ambiance unique, des animations originales et une buvette\/restauration sur place.<\/p>\n\n\n\n<p>\ud83d\udccd <strong>Parc Fran\u00e7ois Mitterrand<\/strong><\/p>\n\n\n\n<ul class=\"wp-block-list\">\n<li><strong>Lundi 8 juillet<\/strong> \u2013 20h \u00e0 23h<br>\ud83c\udfa8 Customisation de magnets et marque-pages (atelier de 17h \u00e0 19h)<br>\ud83c\udf1f Soir\u00e9e orientale<\/li>\n\n\n\n<li><strong>Mercredi 10 juillet<\/strong> \u2013 21h30 \u00e0 23h<br>\ud83c\udf88 Animation ballons &amp; spectacle de magie (atelier de 17h \u00e0 19h)<br>\ud83c\udfac <strong>Soir\u00e9e cin\u00e9ma<\/strong> \u2013 <em>Migration<\/em> (film d\u2019animation)<\/li>\n<\/ul>\n\n\n\n<p>\ud83d\udccd <strong>Parc des 3 Tobogans \u2013 Les Verch\u00e8res<\/strong><\/p>\n\n\n\n<ul class=\"wp-block-list\">\n<li><strong>Lundi 15 juillet<\/strong> \u2013 21h30 \u00e0 23h<br>\ud83c\udf79 Atelier fruit\u00e9 : smoothies et boissons (de 17h \u00e0 19h)<br>\ud83c\udfac <strong>Soir\u00e9e cin\u00e9ma<\/strong> \u2013 <em>Aquaman<\/em><\/li>\n<\/ul>\n\n\n\n<p>\ud83d\udccd <strong>Parc Fran\u00e7ois Mitterrand<\/strong><\/p>\n\n\n\n<ul class=\"wp-block-list\">\n<li><strong>Mercredi 24 juillet<\/strong> \u2013 20h \u00e0 22h<br>\ud83d\udd8c\ufe0f Atelier manuel sur toile (de 17h \u00e0 19h)<br>\ud83c\udf1f Soir\u00e9e orientale<\/li>\n<\/ul>\n\n\n\n<p>\ud83d\udccd <strong>Esplanade Carco<\/strong><\/p>\n\n\n\n<ul class=\"wp-block-list\">\n<li><strong>Mercredi 31 juillet<\/strong> \u2013 19h \u00e0 22h<br>\ud83e\udd1d Animation de proximit\u00e9 (de 17h \u00e0 19h)<br>\ud83c\udfa7 Soir\u00e9e Hip-Hop<\/li>\n<\/ul>\n\n\n\n<p>\ud83e\uddc3 <strong>Buvette et petite restauration<\/strong> disponibles \u00e0 chaque soir\u00e9e !<br>\ud83d\udd76\ufe0f Ambiance conviviale garantie, dans les parcs de votre quartier !<\/p>\n\n\n\n<p>\ud83d\udcc5 <strong>Rendez-vous tout au long du mois de juillet pour profiter ensemble des belles soir\u00e9es d\u2019\u00e9t\u00e9 !<\/strong><br>Pour plus d\u2019infos, contactez le Centre Social Le Grand Vire.<\/p>\n","protected":false},"excerpt":{"rendered":"<div class=\"mh-excerpt\"><p>Le Centre Social Le Grand Vire vous invite \u00e0 partager des soir\u00e9es festives, cr\u00e9atives et familiales tout au long du mois de juillet ! En <a class=\"mh-excerpt-more\" href=\"http:\/\/www.csgrandvire.fr\/index.php\/2025\/06\/27\/soirees-dete-quartiers-est\/\" title=\"Soir\u00e9es d\u2019\u00e9t\u00e9 \u2013 Quartiers Est\">[&#8230;]<\/a><\/p>\n<\/div>","protected":false},"author":1,"featured_media":3320,"comment_status":"closed","ping_status":"closed","sticky":false,"template":"","format":"standard","meta":{"sfsi_plus_gutenberg_text_before_share":"","sfsi_plus_gutenberg_show_text_before_share":"","sfsi_plus_gutenberg_icon_type":"","sfsi_plus_gutenberg_icon_alignemt":"","sfsi_plus_gutenburg_max_per_row":"","_exactmetrics_skip_tracking":false,"_exactmetrics_sitenote_active":false,"_exactmetrics_sitenote_note":"","_exactmetrics_sitenote_category":0,"footnotes":""},"categories":[1],"tags":[],"class_list":["post-3319","post","type-post","status-publish","format-standard","has-post-thumbnail","hentry","category-non-classe"],"_links":{"self":[{"href":"http:\/\/www.csgrandvire.fr\/index.php\/wp-json\/wp\/v2\/posts\/3319","targetHints":{"allow":["GET"]}}],"collection":[{"href":"http:\/\/www.csgrandvire.fr\/index.php\/wp-json\/wp\/v2\/posts"}],"about":[{"href":"http:\/\/www.csgrandvire.fr\/index.php\/wp-json\/wp\/v2\/types\/post"}],"author":[{"embeddable":true,"href":"http:\/\/www.csgrandvire.fr\/index.php\/wp-json\/wp\/v2\/users\/1"}],"replies":[{"embeddable":true,"href":"http:\/\/www.csgrandvire.fr\/index.php\/wp-json\/wp\/v2\/comments?post=3319"}],"version-history":[{"count":2,"href":"http:\/\/www.csgrandvire.fr\/index.php\/wp-json\/wp\/v2\/posts\/3319\/revisions"}],"predecessor-version":[{"id":3322,"href":"http:\/\/www.csgrandvire.fr\/index.php\/wp-json\/wp\/v2\/posts\/3319\/revisions\/3322"}],"wp:featuredmedia":[{"embeddable":true,"href":"http:\/\/www.csgrandvire.fr\/index.php\/wp-json\/wp\/v2\/media\/3320"}],"wp:attachment":[{"href":"http:\/\/www.csgrandvire.fr\/index.php\/wp-json\/wp\/v2\/media?parent=3319"}],"wp:term":[{"taxonomy":"category","embeddable":true,"href":"http:\/\/www.csgrandvire.fr\/index.php\/wp-json\/wp\/v2\/categories?post=3319"},{"taxonomy":"post_tag","embeddable":true,"href":"http:\/\/www.csgrandvire.fr\/index.php\/wp-json\/wp\/v2\/tags?post=3319"}],"curies":[{"name":"wp","href":"https:\/\/api.w.org\/{rel}","templated":true}]}}