{"id":3311,"date":"2025-06-25T11:11:52","date_gmt":"2025-06-25T09:11:52","guid":{"rendered":"http:\/\/www.csgrandvire.fr\/?p=3311"},"modified":"2025-06-27T18:35:52","modified_gmt":"2025-06-27T16:35:52","slug":"loisirs-en-famille","status":"publish","type":"post","link":"http:\/\/www.csgrandvire.fr\/index.php\/2025\/06\/25\/loisirs-en-famille\/","title":{"rendered":"Un \u00e9t\u00e9 en famille avec le Centre Social Le Grand Vire !"},"content":{"rendered":"\n<p>Le Centre Social Le Grand Vire vous propose tout au long du mois de juillet un programme vari\u00e9 d\u2019activit\u00e9s et de sorties pour petits et grands. Entre d\u00e9couvertes, loisirs et moments de d\u00e9tente, profitez de l\u2019\u00e9t\u00e9 en famille dans une ambiance conviviale et accessible.<\/p>\n\n\n\n<h4 class=\"wp-block-heading\"><strong>Les sorties et animations de proximit\u00e9 :<\/strong>  <\/h4>\n\n\n\n<p><em>Inscriptions \u00e0 l\u2019accueil du Centre Social \u2013 Espace Carco, 20 rue Robert Desnos, Vaulx-en-Velin<\/em><\/p>\n\n\n\n<ul class=\"wp-block-list\">\n<li><strong>Mercredi 9 juillet (de 9h \u00e0 12h)<\/strong><br><strong>Sortie au Mus\u00e9e de l\u2019Illusion<\/strong><br>Une exp\u00e9rience sensorielle interactive m\u00ealant science, art et divertissement. <em>Tarifs : 6 \u20ac pour les enfants \/ 8 \u20ac pour les adulte<\/em>s + adh\u00e9sion au Centre Social<\/li>\n\n\n\n<li><strong>Mercredi 16 juillet (de 11h \u00e0 17h)<\/strong><br><strong>Journ\u00e9e baignade \u00e0 l\u2019Atol<\/strong><br>Un moment id\u00e9al pour se d\u00e9tendre en plein air, en famille. <em>Tarif unique : 5 \u20ac<\/em> + adh\u00e9sion au Centre Social<\/li>\n\n\n\n<li><strong>Jeudi 17 juillet (de 11h \u00e0 17h)<\/strong><br><strong>Pique-nique, jeux et balade au Parc de la T\u00eate d\u2019Or<\/strong><br>Une sortie nature entre d\u00e9tente, jeux et promenade.  Gratuit + adh\u00e9sion au centre Social <\/li>\n\n\n\n<li><strong>Mardi 22 juillet (de 14h \u00e0 17h)<\/strong><br><strong>Escalade HAPIK<\/strong><br>Escalade ludique, chasse au tr\u00e9sor <em>Tarifs : 7 \u20ac pour les enfants \/ 10 \u20ac pour les adultes<\/em> + adh\u00e9sion au Centre Social<\/li>\n\n\n\n<li><strong>Mercredi 23 juillet (de 9h30 \u00e0 11h30)<\/strong><br><strong>Atelier cr\u00e9atif<\/strong><br>Fabriquez vous-m\u00eame des supports.  Gratuit + adh\u00e9sion au centre Social<\/li>\n<\/ul>\n\n\n\n<h4 class=\"wp-block-heading\"><strong>Les sorties familiales (sur inscription aux dates indiqu\u00e9s) :<\/strong><\/h4>\n\n\n\n<ul class=\"wp-block-list\">\n<li><strong>Samedi 5 juillet<\/strong> : Journ\u00e9e \u00e0 <strong>Touroparc<\/strong><\/li>\n\n\n\n<li><strong>Samedi 19 juillet<\/strong> : Sortie au <strong>lac d\u2019Annecy<\/strong><\/li>\n\n\n\n<li><strong>Samedi 26 juillet<\/strong> : Journ\u00e9e au <strong>lac d\u2019Aiguebelette<\/strong><\/li>\n\n\n\n<li><strong>Mardi 29 juillet<\/strong> : Excursion \u00e0 la <strong>mer \u2013 Valras<\/strong><\/li>\n<\/ul>\n\n\n\n<p>\ud83d\udc49 <em>Inscriptions :<\/em><\/p>\n\n\n\n<ul class=\"wp-block-list\">\n<li>Pour les deux premi\u00e8res sorties : <strong>mardi 24 juin de 14h \u00e0 17h<\/strong><\/li>\n\n\n\n<li>Pour les deux suivantes : <strong>mardi 15 juillet de 10h \u00e0 12h30 et de 14h \u00e0 16h<\/strong><\/li>\n<\/ul>\n\n\n\n<p>\ud83d\udcdd <em>Adh\u00e9sion au Centre Social obligatoire (10 \u20ac par an). Tarifs selon le quotient familial CAF.<\/em><br><br>\ud83d\udcde <em>Renseignements au 04 78 80 73 93<\/em><\/p>\n\n\n\n<figure class=\"wp-block-gallery has-nested-images columns-default is-cropped wp-block-gallery-1 is-layout-flex wp-block-gallery-is-layout-flex\">\n<figure class=\"wp-block-image size-large\"><img loading=\"lazy\" decoding=\"async\" width=\"724\" height=\"1024\" data-id=\"3316\" src=\"http:\/\/www.csgrandvire.fr\/wp-content\/uploads\/2025\/06\/ETE-FAMILLE-IMAGE-724x1024.png\" alt=\"\" class=\"wp-image-3316\" srcset=\"http:\/\/www.csgrandvire.fr\/wp-content\/uploads\/2025\/06\/ETE-FAMILLE-IMAGE-724x1024.png 724w, http:\/\/www.csgrandvire.fr\/wp-content\/uploads\/2025\/06\/ETE-FAMILLE-IMAGE-212x300.png 212w, http:\/\/www.csgrandvire.fr\/wp-content\/uploads\/2025\/06\/ETE-FAMILLE-IMAGE-768x1086.png 768w, http:\/\/www.csgrandvire.fr\/wp-content\/uploads\/2025\/06\/ETE-FAMILLE-IMAGE-1086x1536.png 1086w, http:\/\/www.csgrandvire.fr\/wp-content\/uploads\/2025\/06\/ETE-FAMILLE-IMAGE-1448x2048.png 1448w, http:\/\/www.csgrandvire.fr\/wp-content\/uploads\/2025\/06\/ETE-FAMILLE-IMAGE.png 1587w\" sizes=\"auto, (max-width: 724px) 100vw, 724px\" \/><\/figure>\n<\/figure>\n","protected":false},"excerpt":{"rendered":"<div class=\"mh-excerpt\"><p>Le Centre Social Le Grand Vire vous propose tout au long du mois de juillet un programme vari\u00e9 d\u2019activit\u00e9s et de sorties pour petits et <a class=\"mh-excerpt-more\" href=\"http:\/\/www.csgrandvire.fr\/index.php\/2025\/06\/25\/loisirs-en-famille\/\" title=\"Un \u00e9t\u00e9 en famille avec le Centre Social Le Grand Vire !\">[&#8230;]<\/a><\/p>\n<\/div>","protected":false},"author":4,"featured_media":3317,"comment_status":"closed","ping_status":"closed","sticky":false,"template":"","format":"standard","meta":{"sfsi_plus_gutenberg_text_before_share":"","sfsi_plus_gutenberg_show_text_before_share":"","sfsi_plus_gutenberg_icon_type":"","sfsi_plus_gutenberg_icon_alignemt":"","sfsi_plus_gutenburg_max_per_row":"","_exactmetrics_skip_tracking":false,"_exactmetrics_sitenote_active":false,"_exactmetrics_sitenote_note":"","_exactmetrics_sitenote_category":0,"footnotes":""},"categories":[1],"tags":[],"class_list":["post-3311","post","type-post","status-publish","format-standard","has-post-thumbnail","hentry","category-non-classe"],"_links":{"self":[{"href":"http:\/\/www.csgrandvire.fr\/index.php\/wp-json\/wp\/v2\/posts\/3311","targetHints":{"allow":["GET"]}}],"collection":[{"href":"http:\/\/www.csgrandvire.fr\/index.php\/wp-json\/wp\/v2\/posts"}],"about":[{"href":"http:\/\/www.csgrandvire.fr\/index.php\/wp-json\/wp\/v2\/types\/post"}],"author":[{"embeddable":true,"href":"http:\/\/www.csgrandvire.fr\/index.php\/wp-json\/wp\/v2\/users\/4"}],"replies":[{"embeddable":true,"href":"http:\/\/www.csgrandvire.fr\/index.php\/wp-json\/wp\/v2\/comments?post=3311"}],"version-history":[{"count":6,"href":"http:\/\/www.csgrandvire.fr\/index.php\/wp-json\/wp\/v2\/posts\/3311\/revisions"}],"predecessor-version":[{"id":3331,"href":"http:\/\/www.csgrandvire.fr\/index.php\/wp-json\/wp\/v2\/posts\/3311\/revisions\/3331"}],"wp:featuredmedia":[{"embeddable":true,"href":"http:\/\/www.csgrandvire.fr\/index.php\/wp-json\/wp\/v2\/media\/3317"}],"wp:attachment":[{"href":"http:\/\/www.csgrandvire.fr\/index.php\/wp-json\/wp\/v2\/media?parent=3311"}],"wp:term":[{"taxonomy":"category","embeddable":true,"href":"http:\/\/www.csgrandvire.fr\/index.php\/wp-json\/wp\/v2\/categories?post=3311"},{"taxonomy":"post_tag","embeddable":true,"href":"http:\/\/www.csgrandvire.fr\/index.php\/wp-json\/wp\/v2\/tags?post=3311"}],"curies":[{"name":"wp","href":"https:\/\/api.w.org\/{rel}","templated":true}]}}