{"id":3276,"date":"2025-04-27T10:47:00","date_gmt":"2025-04-27T08:47:00","guid":{"rendered":"https:\/\/www.csgrandvire.fr\/?p=3276"},"modified":"2025-05-11T17:29:22","modified_gmt":"2025-05-11T15:29:22","slug":"assemblee-generale-2025","status":"publish","type":"post","link":"http:\/\/www.csgrandvire.fr\/index.php\/2025\/04\/27\/assemblee-generale-2025\/","title":{"rendered":"Assembl\u00e9e g\u00e9n\u00e9rale 2025"},"content":{"rendered":"\n<p>Le Centre Social Le Grand Vire vous invite \u00e0 son Assembl\u00e9e G\u00e9n\u00e9rale le vendredi 16 mai \u00e0 18h30 \u00e0 l\u2019Espace Carco \u00e0 Vaulx-en-Velin !<\/p>\n\n\n\n<p><a><\/a><img loading=\"lazy\" decoding=\"async\" height=\"16\" width=\"16\" alt=\"\ud83d\udc49\" src=\"https:\/\/static.xx.fbcdn.net\/images\/emoji.php\/v9\/t51\/1\/16\/1f449.png\"> Au programme : 18h30-19h : Accueil<\/p>\n\n\n\n<p>19h-20h30 : Assembl\u00e9e G\u00e9n\u00e9rale Ordinaire<\/p>\n\n\n\n<p>20h30-22h : jeux gonflables, soir\u00e9e musicale et Barbecue propos\u00e9 par la commission familles <img loading=\"lazy\" decoding=\"async\" height=\"16\" width=\"16\" alt=\"\ud83c\udfb6\" src=\"https:\/\/static.xx.fbcdn.net\/images\/emoji.php\/v9\/t1f\/1\/16\/1f3b6.png\"><img loading=\"lazy\" decoding=\"async\" height=\"16\" width=\"16\" alt=\"\ud83c\udf2d\" src=\"https:\/\/static.xx.fbcdn.net\/images\/emoji.php\/v9\/t7d\/1\/16\/1f32d.png\"><img loading=\"lazy\" decoding=\"async\" height=\"16\" width=\"16\" alt=\"\ud83c\udf88\" src=\"https:\/\/static.xx.fbcdn.net\/images\/emoji.php\/v9\/tb\/1\/16\/1f388.png\"><\/p>\n\n\n\n<p>Venez nombreux partager ce moment important de la vie du Centre Social et profiter d\u2019une soir\u00e9e conviviale en famille ou entre amis !<\/p>\n\n\n\n<p><img loading=\"lazy\" decoding=\"async\" height=\"16\" width=\"16\" alt=\"\ud83d\udccd\" src=\"https:\/\/static.xx.fbcdn.net\/images\/emoji.php\/v9\/t2d\/1\/16\/1f4cd.png\"> Espace Carco \u2013 20 Rue Robert Desnos \u2013 69120 Vaulx-en-Velin<\/p>\n\n\n\n<p><img loading=\"lazy\" decoding=\"async\" height=\"16\" width=\"16\" alt=\"\u2139\ufe0f\" src=\"https:\/\/static.xx.fbcdn.net\/images\/emoji.php\/v9\/t8e\/1\/16\/2139.png\"> Plus d&rsquo;infos : contact@csgrandvire.fr | 04 78 80 73 93<\/p>\n\n\n\n<p>On a h\u00e2te de vous retrouver ! <img loading=\"lazy\" decoding=\"async\" height=\"16\" width=\"16\" alt=\"\ud83e\udd17\" src=\"https:\/\/static.xx.fbcdn.net\/images\/emoji.php\/v9\/tb7\/1\/16\/1f917.png\"><\/p>\n\n\n\n<p><a href=\"http:\/\/www.csgrandvire.fr\/wp-content\/uploads\/2025\/04\/RAPPORT_ACTIVITE_DEFINTIF_2025.pdf\">T\u00e9l\u00e9chargez le rapport d&rsquo;activit\u00e9 2025<\/a><img decoding=\"async\" class=\"wp-image-3281\" style=\"width: NaNpx;\" src=\"http:\/\/www.csgrandvire.fr\/wp-content\/uploads\/2025\/04\/RAPPORT_ACTIVITE_DEFINTIF_2025.pdf\" alt=\"\"><\/p>\n\n\n\n<p><\/p>\n","protected":false},"excerpt":{"rendered":"<div class=\"mh-excerpt\"><p>Le Centre Social Le Grand Vire vous invite \u00e0 son Assembl\u00e9e G\u00e9n\u00e9rale le vendredi 16 mai \u00e0 18h30 \u00e0 l\u2019Espace Carco \u00e0 Vaulx-en-Velin ! Au <a class=\"mh-excerpt-more\" href=\"http:\/\/www.csgrandvire.fr\/index.php\/2025\/04\/27\/assemblee-generale-2025\/\" title=\"Assembl\u00e9e g\u00e9n\u00e9rale 2025\">[&#8230;]<\/a><\/p>\n<\/div>","protected":false},"author":1,"featured_media":3277,"comment_status":"closed","ping_status":"closed","sticky":false,"template":"","format":"standard","meta":{"sfsi_plus_gutenberg_text_before_share":"","sfsi_plus_gutenberg_show_text_before_share":"","sfsi_plus_gutenberg_icon_type":"","sfsi_plus_gutenberg_icon_alignemt":"","sfsi_plus_gutenburg_max_per_row":"","_exactmetrics_skip_tracking":false,"_exactmetrics_sitenote_active":false,"_exactmetrics_sitenote_note":"","_exactmetrics_sitenote_category":0,"footnotes":""},"categories":[1],"tags":[],"class_list":["post-3276","post","type-post","status-publish","format-standard","has-post-thumbnail","hentry","category-non-classe"],"_links":{"self":[{"href":"http:\/\/www.csgrandvire.fr\/index.php\/wp-json\/wp\/v2\/posts\/3276","targetHints":{"allow":["GET"]}}],"collection":[{"href":"http:\/\/www.csgrandvire.fr\/index.php\/wp-json\/wp\/v2\/posts"}],"about":[{"href":"http:\/\/www.csgrandvire.fr\/index.php\/wp-json\/wp\/v2\/types\/post"}],"author":[{"embeddable":true,"href":"http:\/\/www.csgrandvire.fr\/index.php\/wp-json\/wp\/v2\/users\/1"}],"replies":[{"embeddable":true,"href":"http:\/\/www.csgrandvire.fr\/index.php\/wp-json\/wp\/v2\/comments?post=3276"}],"version-history":[{"count":3,"href":"http:\/\/www.csgrandvire.fr\/index.php\/wp-json\/wp\/v2\/posts\/3276\/revisions"}],"predecessor-version":[{"id":3283,"href":"http:\/\/www.csgrandvire.fr\/index.php\/wp-json\/wp\/v2\/posts\/3276\/revisions\/3283"}],"wp:featuredmedia":[{"embeddable":true,"href":"http:\/\/www.csgrandvire.fr\/index.php\/wp-json\/wp\/v2\/media\/3277"}],"wp:attachment":[{"href":"http:\/\/www.csgrandvire.fr\/index.php\/wp-json\/wp\/v2\/media?parent=3276"}],"wp:term":[{"taxonomy":"category","embeddable":true,"href":"http:\/\/www.csgrandvire.fr\/index.php\/wp-json\/wp\/v2\/categories?post=3276"},{"taxonomy":"post_tag","embeddable":true,"href":"http:\/\/www.csgrandvire.fr\/index.php\/wp-json\/wp\/v2\/tags?post=3276"}],"curies":[{"name":"wp","href":"https:\/\/api.w.org\/{rel}","templated":true}]}}