{"id":3253,"date":"2025-03-20T15:53:40","date_gmt":"2025-03-20T14:53:40","guid":{"rendered":"https:\/\/www.csgrandvire.fr\/?p=3253"},"modified":"2025-03-20T15:53:43","modified_gmt":"2025-03-20T14:53:43","slug":"temps-echanges-vacances-en-famille","status":"publish","type":"post","link":"http:\/\/www.csgrandvire.fr\/index.php\/2025\/03\/20\/temps-echanges-vacances-en-famille\/","title":{"rendered":"Temps \u00e9changes vacances en famille"},"content":{"rendered":"\n<p><img loading=\"lazy\" decoding=\"async\" height=\"16\" width=\"16\" alt=\"\ud83d\udce2\" src=\"https:\/\/static.xx.fbcdn.net\/images\/emoji.php\/v9\/t39\/1\/16\/1f4e2.png\"> R\u00e9union Collective pour les Familles b\u00e9n\u00e9ficiant des aides au d\u00e9part en vacances.<\/p>\n\n\n\n<p><img loading=\"lazy\" decoding=\"async\" height=\"16\" width=\"16\" alt=\"\ud83d\udcc5\" src=\"https:\/\/static.xx.fbcdn.net\/images\/emoji.php\/v9\/t7e\/1\/16\/1f4c5.png\"> Mardi 8 avril<\/p>\n\n\n\n<p><img loading=\"lazy\" decoding=\"async\" height=\"16\" width=\"16\" alt=\"\ud83d\udd51\" src=\"https:\/\/static.xx.fbcdn.net\/images\/emoji.php\/v9\/t29\/1\/16\/1f551.png\"> De 14h \u00e0 16h<\/p>\n\n\n\n<p><img loading=\"lazy\" decoding=\"async\" height=\"16\" width=\"16\" alt=\"\ud83d\udccd\" src=\"https:\/\/static.xx.fbcdn.net\/images\/emoji.php\/v9\/t2d\/1\/16\/1f4cd.png\"> Espace Carco (3\u00e8me \u00e9tage)<\/p>\n\n\n\n<p>Sur <a><\/a>inscriptions au 04 78 80 73 93.<\/p>\n\n\n\n<p><img loading=\"lazy\" decoding=\"async\" height=\"16\" width=\"16\" alt=\"\ud83d\udc49\" src=\"https:\/\/static.xx.fbcdn.net\/images\/emoji.php\/v9\/t51\/1\/16\/1f449.png\"> Ce temps d&rsquo;\u00e9changes est sp\u00e9cialement d\u00e9di\u00e9 aux familles ayant re\u00e7u une notification de la CAF pour un d\u00e9part en vacances <img loading=\"lazy\" decoding=\"async\" height=\"16\" width=\"16\" alt=\"\ud83c\udfd6\ufe0f\" src=\"https:\/\/static.xx.fbcdn.net\/images\/emoji.php\/v9\/t5d\/1\/16\/1f3d6.png\">. Venez d\u00e9couvrir toutes les informations pratiques et poser vos questions.<\/p>\n\n\n\n<figure class=\"wp-block-image size-full\"><img loading=\"lazy\" decoding=\"async\" width=\"559\" height=\"792\" src=\"https:\/\/www.csgrandvire.fr\/wp-content\/uploads\/2025\/03\/image-reunion-collective-vacaf.jpg\" alt=\"\" class=\"wp-image-3254\" srcset=\"http:\/\/www.csgrandvire.fr\/wp-content\/uploads\/2025\/03\/image-reunion-collective-vacaf.jpg 559w, http:\/\/www.csgrandvire.fr\/wp-content\/uploads\/2025\/03\/image-reunion-collective-vacaf-212x300.jpg 212w\" sizes=\"auto, (max-width: 559px) 100vw, 559px\" \/><\/figure>\n","protected":false},"excerpt":{"rendered":"<div class=\"mh-excerpt\"><p>R\u00e9union Collective pour les Familles b\u00e9n\u00e9ficiant des aides au d\u00e9part en vacances. Mardi 8 avril De 14h \u00e0 16h Espace Carco (3\u00e8me \u00e9tage) Sur inscriptions <a class=\"mh-excerpt-more\" href=\"http:\/\/www.csgrandvire.fr\/index.php\/2025\/03\/20\/temps-echanges-vacances-en-famille\/\" title=\"Temps \u00e9changes vacances en famille\">[&#8230;]<\/a><\/p>\n<\/div>","protected":false},"author":4,"featured_media":3255,"comment_status":"closed","ping_status":"closed","sticky":false,"template":"","format":"standard","meta":{"sfsi_plus_gutenberg_text_before_share":"","sfsi_plus_gutenberg_show_text_before_share":"","sfsi_plus_gutenberg_icon_type":"","sfsi_plus_gutenberg_icon_alignemt":"","sfsi_plus_gutenburg_max_per_row":"","_exactmetrics_skip_tracking":false,"_exactmetrics_sitenote_active":false,"_exactmetrics_sitenote_note":"","_exactmetrics_sitenote_category":0,"footnotes":""},"categories":[1],"tags":[],"class_list":["post-3253","post","type-post","status-publish","format-standard","has-post-thumbnail","hentry","category-non-classe"],"_links":{"self":[{"href":"http:\/\/www.csgrandvire.fr\/index.php\/wp-json\/wp\/v2\/posts\/3253","targetHints":{"allow":["GET"]}}],"collection":[{"href":"http:\/\/www.csgrandvire.fr\/index.php\/wp-json\/wp\/v2\/posts"}],"about":[{"href":"http:\/\/www.csgrandvire.fr\/index.php\/wp-json\/wp\/v2\/types\/post"}],"author":[{"embeddable":true,"href":"http:\/\/www.csgrandvire.fr\/index.php\/wp-json\/wp\/v2\/users\/4"}],"replies":[{"embeddable":true,"href":"http:\/\/www.csgrandvire.fr\/index.php\/wp-json\/wp\/v2\/comments?post=3253"}],"version-history":[{"count":1,"href":"http:\/\/www.csgrandvire.fr\/index.php\/wp-json\/wp\/v2\/posts\/3253\/revisions"}],"predecessor-version":[{"id":3256,"href":"http:\/\/www.csgrandvire.fr\/index.php\/wp-json\/wp\/v2\/posts\/3253\/revisions\/3256"}],"wp:featuredmedia":[{"embeddable":true,"href":"http:\/\/www.csgrandvire.fr\/index.php\/wp-json\/wp\/v2\/media\/3255"}],"wp:attachment":[{"href":"http:\/\/www.csgrandvire.fr\/index.php\/wp-json\/wp\/v2\/media?parent=3253"}],"wp:term":[{"taxonomy":"category","embeddable":true,"href":"http:\/\/www.csgrandvire.fr\/index.php\/wp-json\/wp\/v2\/categories?post=3253"},{"taxonomy":"post_tag","embeddable":true,"href":"http:\/\/www.csgrandvire.fr\/index.php\/wp-json\/wp\/v2\/tags?post=3253"}],"curies":[{"name":"wp","href":"https:\/\/api.w.org\/{rel}","templated":true}]}}