{"id":3224,"date":"2025-01-13T08:00:00","date_gmt":"2025-01-13T07:00:00","guid":{"rendered":"https:\/\/www.csgrandvire.fr\/?p=3224"},"modified":"2025-01-10T19:09:33","modified_gmt":"2025-01-10T18:09:33","slug":"travaux-du-centre-social-le-grand-vire","status":"publish","type":"post","link":"http:\/\/www.csgrandvire.fr\/index.php\/2025\/01\/13\/travaux-du-centre-social-le-grand-vire\/","title":{"rendered":"Travaux du Centre Social le Grand Vire"},"content":{"rendered":"\n<figure class=\"wp-block-image size-large\"><img loading=\"lazy\" decoding=\"async\" width=\"724\" height=\"1024\" src=\"https:\/\/www.csgrandvire.fr\/wp-content\/uploads\/2025\/01\/AFFICHE-TRAVAUX-2-724x1024.png\" alt=\"\" class=\"wp-image-3225\" srcset=\"http:\/\/www.csgrandvire.fr\/wp-content\/uploads\/2025\/01\/AFFICHE-TRAVAUX-2-724x1024.png 724w, http:\/\/www.csgrandvire.fr\/wp-content\/uploads\/2025\/01\/AFFICHE-TRAVAUX-2-212x300.png 212w, http:\/\/www.csgrandvire.fr\/wp-content\/uploads\/2025\/01\/AFFICHE-TRAVAUX-2-768x1086.png 768w, http:\/\/www.csgrandvire.fr\/wp-content\/uploads\/2025\/01\/AFFICHE-TRAVAUX-2-1086x1536.png 1086w, http:\/\/www.csgrandvire.fr\/wp-content\/uploads\/2025\/01\/AFFICHE-TRAVAUX-2-1448x2048.png 1448w, http:\/\/www.csgrandvire.fr\/wp-content\/uploads\/2025\/01\/AFFICHE-TRAVAUX-2.png 1587w\" sizes=\"auto, (max-width: 724px) 100vw, 724px\" \/><\/figure>\n\n\n\n<p>Ch\u00e8res adh\u00e9rentes, chers adh\u00e9rents,<br>Nous avons le plaisir de vous informer que la premi\u00e8re phase des travaux de r\u00e9novation, d\u00e9di\u00e9e \u00e0 notre \u00c9tablissement d\u2019Accueil du Jeune Enfant (EAJE), touche \u00e0 sa fin. Cette \u00e9tape repr\u00e9sente une avanc\u00e9e importante dans notre projet de modernisation et d\u2019am\u00e9lioration de votre centre social.<\/p>\n\n\n\n<p>Nous sommes d\u00e9sormais pr\u00eats \u00e0 entamer la seconde phase des travaux, qui concernera l\u2019accueil et les autres espaces du centre social. <strong>Cette nouvelle \u00e9tape implique une fermeture temporaire du centre social au public \u00e0 compter du lundi 3 f\u00e9vrier 2025 jusqu\u2019\u00e0 septembre 2025 et un red\u00e9ploiement des activit\u00e9s.<\/strong><\/p>\n\n\n\n<h2 class=\"wp-block-heading\">Organisation des activit\u00e9s pendant les travaux<\/h2>\n\n\n\n<p>Le Centre Social Le Grand Vire reste actif et toutes les activit\u00e9s de l\u2019association seront maintenues gr\u00e2ce \u00e0 un red\u00e9ploiement temporaire :<\/p>\n\n\n\n<p>\u2022&nbsp;<strong>Accueil d\u00e9localis\u00e9<\/strong>&nbsp;\u00e0 l\u2019Espace CARCO 20 Rue Robert Desnos, 69120 Vaulx-en-Velin<\/p>\n\n\n\n<p>\u2022&nbsp;<strong>Activit\u00e9s adultes&nbsp;<\/strong>: Ateliers sociolinguistiques, couture, zumba, gym douce, arts plastiques \u2013 aux horaires habituels \u00e0 l\u2019Espace CARCO.<\/p>\n\n\n\n<p>\u2022&nbsp;<strong>Accueil ados\/jeunes<\/strong>&nbsp;: Mercredis et vacances scolaires \u2013 aux horaires habituels \u00e0 l\u2019Espace CARCO.<\/p>\n\n\n\n<p>\u2022&nbsp;<strong>Activit\u00e9s familles et ateliers d\u2019accompagnement \u00e0 la scolarit\u00e9<\/strong>&nbsp;: aux horaires habituels \u00c0 l\u2019Espace CARCO.<\/p>\n\n\n\n<p>\u2022&nbsp;<strong>Projet D\u00e9mos<\/strong>&nbsp;: aux horaires habituels \u00e0 l\u2019Espace CARCO.<\/p>\n\n\n\n<p>\u2022&nbsp;<strong>Accueil de loisirs (3\/11 ans) :&nbsp;<\/strong>L\u2019accueil se fera&nbsp;<strong>directement \u00e0 l\u2019\u00e9cole Anne Frank 2 Chemin Hector Berlioz 69120 Vaulx-en-Velin,<\/strong>&nbsp;aux horaires habituels le matin et le soir. Les parents sont invit\u00e9s \u00e0 d\u00e9poser leurs enfants sur place.<\/p>\n\n\n\n<h2 class=\"wp-block-heading\">Fermeture anticip\u00e9e pour r\u00e9organisation<\/h2>\n\n\n\n<p><strong>Pour pr\u00e9parer ce red\u00e9ploiement, le centre social sera ferm\u00e9 le jeudi 30 et le vendredi 31 janvier 2025.<\/strong><\/p>\n\n\n\n<p><strong>Les activit\u00e9s adultes (gym douce, zumba, couture, arts plastiques) et l\u2019accueil jeunes du vendredi 31 janvier se tiendront \u00e0 l\u2019Espace CARCO.<\/strong><\/p>\n\n\n\n<p>Nous tenons \u00e0 vous remercier chaleureusement pour votre compr\u00e9hension et votre soutien tout au long de cette p\u00e9riode transitoire. L\u2019ensemble de l\u2019\u00e9quipe se tient \u00e0 votre disposition pour tout renseignement ou besoin particulier.<\/p>\n\n\n\n<p>Nous sommes convaincus que cette seconde phase des travaux permettra de transformer le centre social en un lieu encore plus accueillant et fonctionnel, pour mieux r\u00e9pondre \u00e0 vos attentes et besoins.<\/p>\n\n\n\n<p>Merci pour votre engagement et votre patience.<\/p>\n\n\n\n<p><strong>Jaafar GREINCH<\/strong><\/p>\n\n\n\n<p><strong>Pr\u00e9sident du Centre Social Le Grand Vire<\/strong><\/p>\n\n\n\n<p><\/p>\n","protected":false},"excerpt":{"rendered":"<div class=\"mh-excerpt\"><p>Ch\u00e8res adh\u00e9rentes, chers adh\u00e9rents,Nous avons le plaisir de vous informer que la premi\u00e8re phase des travaux de r\u00e9novation, d\u00e9di\u00e9e \u00e0 notre \u00c9tablissement d\u2019Accueil du Jeune <a class=\"mh-excerpt-more\" href=\"http:\/\/www.csgrandvire.fr\/index.php\/2025\/01\/13\/travaux-du-centre-social-le-grand-vire\/\" title=\"Travaux du Centre Social le Grand Vire\">[&#8230;]<\/a><\/p>\n<\/div>","protected":false},"author":1,"featured_media":3228,"comment_status":"closed","ping_status":"closed","sticky":false,"template":"","format":"standard","meta":{"sfsi_plus_gutenberg_text_before_share":"","sfsi_plus_gutenberg_show_text_before_share":"","sfsi_plus_gutenberg_icon_type":"","sfsi_plus_gutenberg_icon_alignemt":"","sfsi_plus_gutenburg_max_per_row":"","_exactmetrics_skip_tracking":false,"_exactmetrics_sitenote_active":false,"_exactmetrics_sitenote_note":"","_exactmetrics_sitenote_category":0,"footnotes":""},"categories":[1],"tags":[],"class_list":["post-3224","post","type-post","status-publish","format-standard","has-post-thumbnail","hentry","category-non-classe"],"_links":{"self":[{"href":"http:\/\/www.csgrandvire.fr\/index.php\/wp-json\/wp\/v2\/posts\/3224","targetHints":{"allow":["GET"]}}],"collection":[{"href":"http:\/\/www.csgrandvire.fr\/index.php\/wp-json\/wp\/v2\/posts"}],"about":[{"href":"http:\/\/www.csgrandvire.fr\/index.php\/wp-json\/wp\/v2\/types\/post"}],"author":[{"embeddable":true,"href":"http:\/\/www.csgrandvire.fr\/index.php\/wp-json\/wp\/v2\/users\/1"}],"replies":[{"embeddable":true,"href":"http:\/\/www.csgrandvire.fr\/index.php\/wp-json\/wp\/v2\/comments?post=3224"}],"version-history":[{"count":2,"href":"http:\/\/www.csgrandvire.fr\/index.php\/wp-json\/wp\/v2\/posts\/3224\/revisions"}],"predecessor-version":[{"id":3229,"href":"http:\/\/www.csgrandvire.fr\/index.php\/wp-json\/wp\/v2\/posts\/3224\/revisions\/3229"}],"wp:featuredmedia":[{"embeddable":true,"href":"http:\/\/www.csgrandvire.fr\/index.php\/wp-json\/wp\/v2\/media\/3228"}],"wp:attachment":[{"href":"http:\/\/www.csgrandvire.fr\/index.php\/wp-json\/wp\/v2\/media?parent=3224"}],"wp:term":[{"taxonomy":"category","embeddable":true,"href":"http:\/\/www.csgrandvire.fr\/index.php\/wp-json\/wp\/v2\/categories?post=3224"},{"taxonomy":"post_tag","embeddable":true,"href":"http:\/\/www.csgrandvire.fr\/index.php\/wp-json\/wp\/v2\/tags?post=3224"}],"curies":[{"name":"wp","href":"https:\/\/api.w.org\/{rel}","templated":true}]}}