{"id":3181,"date":"2024-11-14T14:27:18","date_gmt":"2024-11-14T13:27:18","guid":{"rendered":"https:\/\/www.csgrandvire.fr\/?p=3181"},"modified":"2024-11-19T16:05:35","modified_gmt":"2024-11-19T15:05:35","slug":"fete-de-lhiver-au-centre-ville","status":"publish","type":"post","link":"http:\/\/www.csgrandvire.fr\/index.php\/2024\/11\/14\/fete-de-lhiver-au-centre-ville\/","title":{"rendered":"F\u00eate de l\u2019Hiver au Centre Ville &#8211; Deuxi\u00e8me \u00c9dition"},"content":{"rendered":"\n<p>L&rsquo;association des commer\u00e7ants de centre-ville et le Centre Social Le Grand Vire vous invitent \u00e0 c\u00e9l\u00e9brer la magie de l\u2019hiver lors de la <strong>F\u00eate de l\u2019Hiver au Centre Ville<\/strong> !<\/p>\n\n\n\n<p><strong>\ud83d\udcc5 Date<\/strong> : Vendredi 20 d\u00e9cembre 2024<br><strong>\ud83d\udd52 Heure<\/strong> : De 16h \u00e0 21h<br><strong>\ud83d\udccd Lieux<\/strong> : Centre-ville de Vaulx-en-Velin et Centre Social Le Grand Vire<\/p>\n\n\n\n<p><strong>Au programme :<\/strong><\/p>\n\n\n\n<h3 class=\"wp-block-heading\">Dans le Centre-Ville :<\/h3>\n\n\n\n<ul class=\"wp-block-list\">\n<li><strong>Grand spectacle de d\u00e9ambulation<\/strong> : \u00ab\u00a0Elfy en Foly et Alizarine\u00a0\u00bb, arriv\u00e9s directement de l&rsquo;atelier du P\u00e8re No\u00ebl, parcourront les rues sur un tra\u00eeneau magique et lumineux, tir\u00e9 par le doux renne Gustave. Acrobates et jongleurs, ils d\u00e9ambuleront au son de musiques f\u00e9\u00e9riques, accompagn\u00e9s d&rsquo;un \u00e9chassier v\u00eatu de rouge et de blanc.<\/li>\n\n\n\n<li><strong>Pr\u00e9sence du P\u00e8re No\u00ebl et de la M\u00e8re No\u00ebl<\/strong> qui distribueront de petits cadeaux aux enfants.<\/li>\n\n\n\n<li><strong>D\u00e9fil\u00e9 de mascottes<\/strong> dans les rues et les commerces du centre-ville.<\/li>\n<\/ul>\n\n\n\n<h3 class=\"wp-block-heading\">Sur le Parking Rue Maurice Audin (face \u00e0 la Poste) :<\/h3>\n\n\n\n<ul class=\"wp-block-list\">\n<li><strong>Balades \u00e0 poney<\/strong> : Venez profiter d\u2019une promenade \u00e0 poney pour seulement 1\u20ac.<\/li>\n\n\n\n<li><strong>Jeux gonflables<\/strong> pour s&rsquo;amuser et se d\u00e9penser.<\/li>\n\n\n\n<li><strong>Stand de pop-corn<\/strong> (1\u20ac) et <strong>boissons chaudes<\/strong> (0.50\u20ac) pour se r\u00e9chauffer et se r\u00e9galer.<\/li>\n\n\n\n<li><strong>Jeux g\u00e9ants<\/strong> pour des moments de convivialit\u00e9 en famille ou entre amis.<\/li>\n<\/ul>\n\n\n\n<h3 class=\"wp-block-heading\">Dans le Centre Social Le Grand Vire (23 rue Jules Romain) :<\/h3>\n\n\n\n<ul class=\"wp-block-list\">\n<li><strong>Tcheezbox<\/strong> : Immortalisez la f\u00eate avec cette borne photo amusante !<\/li>\n\n\n\n<li><strong>Atelier maquillage<\/strong> pour le plus grand plaisir des enfants.<\/li>\n\n\n\n<li><strong>Soir\u00e9e musicale<\/strong> : Plongez dans une ambiance festive et joyeuse pour terminer la soir\u00e9e en beaut\u00e9.<\/li>\n<\/ul>\n\n\n\n<p>\ud83c\udf89 Ne manquez pas cet \u00e9v\u00e9nement festif et chaleureux pour c\u00e9l\u00e9brer l&rsquo;hiver en famille ou entre amis. Venez nombreux !<\/p>\n\n\n\n<figure class=\"wp-block-embed is-type-video is-provider-youtube wp-block-embed-youtube wp-embed-aspect-16-9 wp-has-aspect-ratio\"><div class=\"wp-block-embed__wrapper\">\n<iframe loading=\"lazy\" title=\"parade f\u00e9erique de No\u00ebl, les Elfy en Foly et Alizarines. Cie Abrac&#039;Echass #noel #parade #spectacle\" width=\"500\" height=\"281\" src=\"https:\/\/www.youtube.com\/embed\/H4USGEgrfsk?feature=oembed\" frameborder=\"0\" allow=\"accelerometer; autoplay; clipboard-write; encrypted-media; gyroscope; picture-in-picture; web-share\" referrerpolicy=\"strict-origin-when-cross-origin\" allowfullscreen><\/iframe>\n<\/div><\/figure>\n","protected":false},"excerpt":{"rendered":"<div class=\"mh-excerpt\"><p>L&rsquo;association des commer\u00e7ants de centre-ville et le Centre Social Le Grand Vire vous invitent \u00e0 c\u00e9l\u00e9brer la magie de l\u2019hiver lors de la F\u00eate de <a class=\"mh-excerpt-more\" href=\"http:\/\/www.csgrandvire.fr\/index.php\/2024\/11\/14\/fete-de-lhiver-au-centre-ville\/\" title=\"F\u00eate de l\u2019Hiver au Centre Ville &#8211; Deuxi\u00e8me \u00c9dition\">[&#8230;]<\/a><\/p>\n<\/div>","protected":false},"author":1,"featured_media":3189,"comment_status":"closed","ping_status":"closed","sticky":false,"template":"","format":"standard","meta":{"sfsi_plus_gutenberg_text_before_share":"","sfsi_plus_gutenberg_show_text_before_share":"","sfsi_plus_gutenberg_icon_type":"","sfsi_plus_gutenberg_icon_alignemt":"","sfsi_plus_gutenburg_max_per_row":"","_exactmetrics_skip_tracking":false,"_exactmetrics_sitenote_active":false,"_exactmetrics_sitenote_note":"","_exactmetrics_sitenote_category":0,"footnotes":""},"categories":[1],"tags":[],"class_list":["post-3181","post","type-post","status-publish","format-standard","has-post-thumbnail","hentry","category-non-classe"],"_links":{"self":[{"href":"http:\/\/www.csgrandvire.fr\/index.php\/wp-json\/wp\/v2\/posts\/3181","targetHints":{"allow":["GET"]}}],"collection":[{"href":"http:\/\/www.csgrandvire.fr\/index.php\/wp-json\/wp\/v2\/posts"}],"about":[{"href":"http:\/\/www.csgrandvire.fr\/index.php\/wp-json\/wp\/v2\/types\/post"}],"author":[{"embeddable":true,"href":"http:\/\/www.csgrandvire.fr\/index.php\/wp-json\/wp\/v2\/users\/1"}],"replies":[{"embeddable":true,"href":"http:\/\/www.csgrandvire.fr\/index.php\/wp-json\/wp\/v2\/comments?post=3181"}],"version-history":[{"count":4,"href":"http:\/\/www.csgrandvire.fr\/index.php\/wp-json\/wp\/v2\/posts\/3181\/revisions"}],"predecessor-version":[{"id":3190,"href":"http:\/\/www.csgrandvire.fr\/index.php\/wp-json\/wp\/v2\/posts\/3181\/revisions\/3190"}],"wp:featuredmedia":[{"embeddable":true,"href":"http:\/\/www.csgrandvire.fr\/index.php\/wp-json\/wp\/v2\/media\/3189"}],"wp:attachment":[{"href":"http:\/\/www.csgrandvire.fr\/index.php\/wp-json\/wp\/v2\/media?parent=3181"}],"wp:term":[{"taxonomy":"category","embeddable":true,"href":"http:\/\/www.csgrandvire.fr\/index.php\/wp-json\/wp\/v2\/categories?post=3181"},{"taxonomy":"post_tag","embeddable":true,"href":"http:\/\/www.csgrandvire.fr\/index.php\/wp-json\/wp\/v2\/tags?post=3181"}],"curies":[{"name":"wp","href":"https:\/\/api.w.org\/{rel}","templated":true}]}}