{"id":3153,"date":"2024-10-09T11:50:29","date_gmt":"2024-10-09T09:50:29","guid":{"rendered":"https:\/\/www.csgrandvire.fr\/?p=3153"},"modified":"2024-10-12T13:50:30","modified_gmt":"2024-10-12T11:50:30","slug":"en-famille-pendant-les-vacances-2","status":"publish","type":"post","link":"http:\/\/www.csgrandvire.fr\/index.php\/2024\/10\/09\/en-famille-pendant-les-vacances-2\/","title":{"rendered":"En famille pendant les vacances !"},"content":{"rendered":"\n<p><img loading=\"lazy\" decoding=\"async\" height=\"16\" width=\"16\" alt=\"\ud83c\udf42\" src=\"https:\/\/static.xx.fbcdn.net\/images\/emoji.php\/v9\/t89\/1\/16\/1f342.png\"><img loading=\"lazy\" decoding=\"async\" height=\"16\" width=\"16\" alt=\"\ud83c\udf83\" src=\"https:\/\/static.xx.fbcdn.net\/images\/emoji.php\/v9\/t86\/1\/16\/1f383.png\"> Vacances d&rsquo;automne en famille au Centre Social Le Grand Vire ! <img loading=\"lazy\" decoding=\"async\" height=\"16\" width=\"16\" alt=\"\ud83c\udf83\" src=\"https:\/\/static.xx.fbcdn.net\/images\/emoji.php\/v9\/t86\/1\/16\/1f383.png\"><img loading=\"lazy\" decoding=\"async\" height=\"16\" width=\"16\" alt=\"\ud83c\udf42\" src=\"https:\/\/static.xx.fbcdn.net\/images\/emoji.php\/v9\/t89\/1\/16\/1f342.png\"><\/p>\n\n\n\n<p>L&rsquo;automne est l\u00e0 et c&rsquo;est le moment id\u00e9al pour profiter d&rsquo;activit\u00e9s en famille ! <img loading=\"lazy\" decoding=\"async\" height=\"16\" width=\"16\" alt=\"\ud83c\udfa8\" src=\"https:\/\/static.xx.fbcdn.net\/images\/emoji.php\/v9\/t82\/1\/16\/1f3a8.png\"><img loading=\"lazy\" decoding=\"async\" height=\"16\" width=\"16\" alt=\"\ud83d\udd8d\ufe0f\" src=\"https:\/\/static.xx.fbcdn.net\/images\/emoji.php\/v9\/tb9\/1\/16\/1f58d.png\"><\/p>\n\n\n\n<p><img loading=\"lazy\" decoding=\"async\" height=\"16\" width=\"16\" alt=\"\ud83d\udc49\" src=\"https:\/\/static.xx.fbcdn.net\/images\/emoji.php\/v9\/t51\/1\/16\/1f449.png\"> Du 22 au 31 octobre, d\u00e9couvrez un programme riche et vari\u00e9 pour petits et grands, avec des ateliers cr\u00e9atifs, des sorties, et bien s\u00fbr, la tant attendue Soir\u00e9e Halloween ! <img loading=\"lazy\" decoding=\"async\" height=\"16\" width=\"16\" alt=\"\ud83c\udf83\" src=\"https:\/\/static.xx.fbcdn.net\/images\/emoji.php\/v9\/t86\/1\/16\/1f383.png\"><img loading=\"lazy\" decoding=\"async\" height=\"16\" width=\"16\" alt=\"\ud83d\udc7b\" src=\"https:\/\/static.xx.fbcdn.net\/images\/emoji.php\/v9\/td7\/1\/16\/1f47b.png\"><\/p>\n\n\n\n<p><img loading=\"lazy\" decoding=\"async\" height=\"16\" width=\"16\" alt=\"\ud83d\udcc5\" src=\"https:\/\/static.xx.fbcdn.net\/images\/emoji.php\/v9\/t7e\/1\/16\/1f4c5.png\"><a><\/a>Voici quelques temps forts :<\/p>\n\n\n\n<p>Mardi 22 octobre de 10h \u00e0 11h au Centre Social : Activit\u00e9 manuelle surprise pour les enfants (d\u00e8s 6 ans). Adh\u00e9sion obligatoire &#8211; Gratuit<\/p>\n\n\n\n<p>Mercredi 23 octobre de 14h \u00e0 16H30 \u00e0 Carco: Atelier cr\u00e9atif autour de l\u2019herbier d\u2019automne <img loading=\"lazy\" decoding=\"async\" height=\"16\" width=\"16\" alt=\"\ud83c\udf42\" src=\"https:\/\/static.xx.fbcdn.net\/images\/emoji.php\/v9\/t89\/1\/16\/1f342.png\">. Adh\u00e9sion obligatoire &#8211; Gratuit<\/p>\n\n\n\n<p>Jeudi 24 octobre \u00e0 12h30 d\u00e9part du Centre Social : Sortie \u00e0 Mini World, pr\u00e9parez-vous \u00e0 l\u2019\u00e9merveillement ! <img loading=\"lazy\" decoding=\"async\" height=\"16\" width=\"16\" alt=\"\ud83d\ude97\" src=\"https:\/\/static.xx.fbcdn.net\/images\/emoji.php\/v9\/tec\/1\/16\/1f697.png\"> 4\u20ac\/adulte, 2\u20ac\/enfant + Adh\u00e9sion obligatoire<\/p>\n\n\n\n<p>Mardi 29 octobre de 14h \u00e0 16h30 \u00e0 Carco: Confection de d\u00e9corations Halloween, laissez libre cours \u00e0 votre cr\u00e9ativit\u00e9 ! <img loading=\"lazy\" decoding=\"async\" height=\"16\" width=\"16\" alt=\"\ud83c\udfa8\" src=\"https:\/\/static.xx.fbcdn.net\/images\/emoji.php\/v9\/t82\/1\/16\/1f3a8.png\"><img loading=\"lazy\" decoding=\"async\" height=\"16\" width=\"16\" alt=\"\ud83c\udf83\" src=\"https:\/\/static.xx.fbcdn.net\/images\/emoji.php\/v9\/t86\/1\/16\/1f383.png\">Adh\u00e9sion obligatoire &#8211; Gratuit<\/p>\n\n\n\n<p>Jeudi 31 octobre de 18h30 \u00e0 22h : Grande soir\u00e9e Halloween, d\u00e9guisements effrayants bienvenus ! <img loading=\"lazy\" decoding=\"async\" height=\"16\" width=\"16\" alt=\"\ud83d\udc7b\" src=\"https:\/\/static.xx.fbcdn.net\/images\/emoji.php\/v9\/td7\/1\/16\/1f47b.png\"><img loading=\"lazy\" decoding=\"async\" height=\"16\" width=\"16\" alt=\"\ud83d\udd77\ufe0f\" src=\"https:\/\/static.xx.fbcdn.net\/images\/emoji.php\/v9\/t6d\/1\/16\/1f577.png\">Adh\u00e9sion obligatoire &#8211; Gratuit<\/p>\n\n\n\n<p>Toutes les activit\u00e9s se d\u00e9roulent soit au centre social, soit \u00e0 Carco. Pensez \u00e0 vous inscrire directement \u00e0 l&rsquo;accueil du centre !<\/p>\n\n\n\n<p><img loading=\"lazy\" decoding=\"async\" height=\"16\" width=\"16\" alt=\"\u2139\ufe0f\" src=\"https:\/\/static.xx.fbcdn.net\/images\/emoji.php\/v9\/t8e\/1\/16\/2139.png\"> Pour plus d&rsquo;infos ou pour toute question, appelez-nous au 04 78 80 73 93.<\/p>\n\n\n\n<p>On vous attend nombreux pour partager des moments inoubliables avec vos enfants ! <img loading=\"lazy\" decoding=\"async\" height=\"16\" width=\"16\" alt=\"\ud83e\udd17\" src=\"https:\/\/static.xx.fbcdn.net\/images\/emoji.php\/v9\/tb7\/1\/16\/1f917.png\"><img loading=\"lazy\" decoding=\"async\" height=\"16\" width=\"16\" alt=\"\ud83d\udc68\u200d\ud83d\udc69\u200d\ud83d\udc67\u200d\ud83d\udc66\" src=\"https:\/\/static.xx.fbcdn.net\/images\/emoji.php\/v9\/t9b\/1\/16\/1f468_200d_1f469_200d_1f467_200d_1f466.png\"><\/p>\n\n\n\n<p><a href=\"https:\/\/www.facebook.com\/photo\/?fbid=928970612601095&amp;set=a.618193213678838&amp;__cft__[0]=AZUfIAH9fdx_Jy2U9a-LFGSVLCyP_Fc7acmOiOP09Bt5Owu1FWqUm5j0GkHSeEtS0lejuzUqxT4sLl_SqcRzigFYcPuQw5Xf6MiXMR0EGWz6DG4MO3yG3OqnY60gAifhjv_LZ7954Mrgx23wlJK1TySZ&amp;__tn__=EH-R\"><\/a><\/p>\n\n\n\n<figure class=\"wp-block-image\"><a href=\"https:\/\/www.facebook.com\/photo\/?fbid=928970612601095&amp;set=a.618193213678838&amp;__cft__[0]=AZUfIAH9fdx_Jy2U9a-LFGSVLCyP_Fc7acmOiOP09Bt5Owu1FWqUm5j0GkHSeEtS0lejuzUqxT4sLl_SqcRzigFYcPuQw5Xf6MiXMR0EGWz6DG4MO3yG3OqnY60gAifhjv_LZ7954Mrgx23wlJK1TySZ&amp;__tn__=EH-R\"><img decoding=\"async\" src=\"https:\/\/scontent-cdg4-1.xx.fbcdn.net\/v\/t39.30808-6\/462350104_928970615934428_7930139426244298894_n.jpg?stp=dst-jpg_s720x720&amp;_nc_cat=102&amp;ccb=1-7&amp;_nc_sid=127cfc&amp;_nc_ohc=I653eJUmafYQ7kNvgEQluYJ&amp;_nc_ht=scontent-cdg4-1.xx&amp;_nc_gid=ANpwAtzqrDAR5wLbdsfgbxG&amp;oh=00_AYCEndtl5WwCrpe8ueegAqC80uNmxwNOoWkgwsM-Xe7Jog&amp;oe=670C35B7\" alt=\"Peut \u00eatre une image de texte\"\/><\/a><\/figure>\n","protected":false},"excerpt":{"rendered":"<div class=\"mh-excerpt\"><p>Vacances d&rsquo;automne en famille au Centre Social Le Grand Vire ! L&rsquo;automne est l\u00e0 et c&rsquo;est le moment id\u00e9al pour profiter d&rsquo;activit\u00e9s en famille ! <a class=\"mh-excerpt-more\" href=\"http:\/\/www.csgrandvire.fr\/index.php\/2024\/10\/09\/en-famille-pendant-les-vacances-2\/\" title=\"En famille pendant les vacances !\">[&#8230;]<\/a><\/p>\n<\/div>","protected":false},"author":4,"featured_media":3154,"comment_status":"closed","ping_status":"closed","sticky":false,"template":"","format":"standard","meta":{"sfsi_plus_gutenberg_text_before_share":"","sfsi_plus_gutenberg_show_text_before_share":"","sfsi_plus_gutenberg_icon_type":"","sfsi_plus_gutenberg_icon_alignemt":"","sfsi_plus_gutenburg_max_per_row":"","_exactmetrics_skip_tracking":false,"_exactmetrics_sitenote_active":false,"_exactmetrics_sitenote_note":"","_exactmetrics_sitenote_category":0,"footnotes":""},"categories":[1],"tags":[],"class_list":["post-3153","post","type-post","status-publish","format-standard","has-post-thumbnail","hentry","category-non-classe"],"_links":{"self":[{"href":"http:\/\/www.csgrandvire.fr\/index.php\/wp-json\/wp\/v2\/posts\/3153","targetHints":{"allow":["GET"]}}],"collection":[{"href":"http:\/\/www.csgrandvire.fr\/index.php\/wp-json\/wp\/v2\/posts"}],"about":[{"href":"http:\/\/www.csgrandvire.fr\/index.php\/wp-json\/wp\/v2\/types\/post"}],"author":[{"embeddable":true,"href":"http:\/\/www.csgrandvire.fr\/index.php\/wp-json\/wp\/v2\/users\/4"}],"replies":[{"embeddable":true,"href":"http:\/\/www.csgrandvire.fr\/index.php\/wp-json\/wp\/v2\/comments?post=3153"}],"version-history":[{"count":2,"href":"http:\/\/www.csgrandvire.fr\/index.php\/wp-json\/wp\/v2\/posts\/3153\/revisions"}],"predecessor-version":[{"id":3157,"href":"http:\/\/www.csgrandvire.fr\/index.php\/wp-json\/wp\/v2\/posts\/3153\/revisions\/3157"}],"wp:featuredmedia":[{"embeddable":true,"href":"http:\/\/www.csgrandvire.fr\/index.php\/wp-json\/wp\/v2\/media\/3154"}],"wp:attachment":[{"href":"http:\/\/www.csgrandvire.fr\/index.php\/wp-json\/wp\/v2\/media?parent=3153"}],"wp:term":[{"taxonomy":"category","embeddable":true,"href":"http:\/\/www.csgrandvire.fr\/index.php\/wp-json\/wp\/v2\/categories?post=3153"},{"taxonomy":"post_tag","embeddable":true,"href":"http:\/\/www.csgrandvire.fr\/index.php\/wp-json\/wp\/v2\/tags?post=3153"}],"curies":[{"name":"wp","href":"https:\/\/api.w.org\/{rel}","templated":true}]}}