{"id":3133,"date":"2024-08-01T23:45:14","date_gmt":"2024-08-01T21:45:14","guid":{"rendered":"https:\/\/www.csgrandvire.fr\/?p=3133"},"modified":"2024-08-01T23:45:20","modified_gmt":"2024-08-01T21:45:20","slug":"annonce-importante-renovation-et-modernisation-de-votre-centre-social","status":"publish","type":"post","link":"http:\/\/www.csgrandvire.fr\/index.php\/2024\/08\/01\/annonce-importante-renovation-et-modernisation-de-votre-centre-social\/","title":{"rendered":"Annonce Importante : R\u00e9novation et Modernisation de Votre Centre Social"},"content":{"rendered":"\n<p>Ch\u00e8res adh\u00e9rentes, chers adh\u00e9rents,<\/p>\n\n\n\n<p>C&rsquo;est avec fiert\u00e9 et enthousiasme que je vous annonce aujourd&rsquo;hui le d\u00e9marrage imminent des travaux de r\u00e9novation et de modernisation de notre centre social. Ce projet ambitieux, m\u00fbri de concert avec la Ville de Vaulx-en-Velin, la Caisse d\u2019Allocations Familiales du Rh\u00f4ne et divers partenaires, marque une \u00e9tape d\u00e9cisive dans notre engagement \u00e0 offrir un lieu accueillant, inclusif et adapt\u00e9 aux besoins de tous.<\/p>\n\n\n\n<h4 class=\"wp-block-heading\">Un projet au c\u0153ur de notre mission<\/h4>\n\n\n\n<p>Notre projet de travaux n&rsquo;est pas simplement une am\u00e9lioration des infrastructures. Il s&rsquo;inscrit pleinement dans les axes strat\u00e9giques de notre Projet Social et Familles 2024-2028, qui est en cours de validation par la Caisse d&rsquo;Allocations Familiales du Rh\u00f4ne :<\/p>\n\n\n\n<p>\u2705 Accueillir tous les publics, en particulier les plus fragiles, avec une d\u00e9marche d&rsquo;inclusion num\u00e9rique et sociale.<br>\u2705 Soutenir les initiatives collectives, en renfor\u00e7ant le lien social et en faisant des habitants les acteurs de leur quartier.<br>\u2705 Adapter nos actions aux jeunes, pour favoriser leur \u00e9panouissement et leur r\u00e9ussite.<br>\u2705 Consolider les liens familiaux, en valorisant les comp\u00e9tences des familles et en coconstruisant des activit\u00e9s adapt\u00e9es.<\/p>\n\n\n\n<h4 class=\"wp-block-heading\">Des am\u00e9nagements significatifs<\/h4>\n\n\n\n<p>Les travaux incluront la cr\u00e9ation d\u2019un accueil ouvert et moderne, la mise en accessibilit\u00e9 compl\u00e8te du b\u00e2timent, l&rsquo;optimisation des espaces pour plus de convivialit\u00e9 et d&rsquo;efficacit\u00e9, ainsi qu&rsquo;une am\u00e9lioration des conditions de travail pour notre \u00e9quipe. Ces am\u00e9nagements sont con\u00e7us pour faire de notre centre un v\u00e9ritable outil au service de notre projet associatif, en offrant des espaces adapt\u00e9s \u00e0 nos diverses activit\u00e9s et en augmentant notre capacit\u00e9 d&rsquo;accueil, notamment dans notre \u00c9tablissement d\u2019Accueil du Jeune Enfant.<\/p>\n\n\n\n<h4 class=\"wp-block-heading\">Un investissement r\u00e9fl\u00e9chi et ma\u00eetris\u00e9<\/h4>\n\n\n\n<p>Le co\u00fbt total des travaux, incluant \u00e9tudes, mobilier et am\u00e9nagements, s&rsquo;\u00e9l\u00e8ve \u00e0 800 000 \u20ac. Ce projet est financ\u00e9 gr\u00e2ce \u00e0 l\u2019accompagnement de nos partenaires financiers que sont la Caisse d\u2019Allocations Familiales du Rh\u00f4ne et la Ville de Vaulx-en-Velin. Le centre social participe \u00e9galement financi\u00e8rement \u00e0 ce projet.<\/p>\n\n\n\n<h4 class=\"wp-block-heading\">Continuit\u00e9 des activit\u00e9s<\/h4>\n\n\n\n<p>Les travaux commenceront d\u00e8s septembre dans notre \u00c9tablissement d\u2019Accueil du Jeune Enfant, qui a ferm\u00e9 ses portes le 26 juillet dernier et ne rouvrira pas avant la rentr\u00e9e de septembre 2025. L\u2019ensemble des familles qui y \u00e9taient accueillies s&rsquo;est vu proposer une place dans une autre structure de la ville pour la rentr\u00e9e prochaine.<\/p>\n\n\n\n<p>Concernant les travaux de l&rsquo;accueil et de l&rsquo;\u00e9tage, ils auront lieu dans une seconde phase. Nous nous engageons \u00e0 maintenir le plus grand nombre d\u2019activit\u00e9s ouvertes et \u00e0 minimiser les perturbations li\u00e9es aux travaux. N\u00e9anmoins, nos activit\u00e9s seront forc\u00e9ment impact\u00e9es par ces travaux. Je sais cependant pouvoir compter sur la bienveillance de chacun et la capacit\u00e9 collective \u00e0 communiquer sur les difficult\u00e9s rencontr\u00e9es.<\/p>\n\n\n\n<h4 class=\"wp-block-heading\">Un avenir prometteur<\/h4>\n\n\n\n<p>Ce projet de r\u00e9novation est une r\u00e9ponse aux besoins exprim\u00e9s par vous, les adh\u00e9rents, et une opportunit\u00e9 pour notre centre de renforcer son r\u00f4le. Nous sommes convaincus que ces am\u00e9liorations permettront de mieux vous servir et de continuer \u00e0 faire de notre centre social un lieu de solidarit\u00e9, d\u2019innovation et de convivialit\u00e9.<\/p>\n\n\n\n<p>Tout au long de cette p\u00e9riode de travaux, vous continuerez \u00e0 \u00eatre associ\u00e9s \u00e0 la d\u00e9marche par des animations \u00e0 l&rsquo;accueil du centre social.<\/p>\n\n\n\n<p>Je tiens \u00e0 remercier chaleureusement chacun d&rsquo;entre vous pour votre soutien et votre engagement continu. Ensemble, nous participons \u00e0 fa\u00e7onner un futur prometteur pour Vaulx-en-Velin et ses habitants.<\/p>\n\n\n\n<p>Bien \u00e0 vous,<\/p>\n\n\n\n<p><strong>Jaafar GREINCH<\/strong><br>Pr\u00e9sident du Centre Social Le Grand Vire<\/p>\n","protected":false},"excerpt":{"rendered":"<div class=\"mh-excerpt\"><p>Ch\u00e8res adh\u00e9rentes, chers adh\u00e9rents, C&rsquo;est avec fiert\u00e9 et enthousiasme que je vous annonce aujourd&rsquo;hui le d\u00e9marrage imminent des travaux de r\u00e9novation et de modernisation de <a class=\"mh-excerpt-more\" href=\"http:\/\/www.csgrandvire.fr\/index.php\/2024\/08\/01\/annonce-importante-renovation-et-modernisation-de-votre-centre-social\/\" title=\"Annonce Importante : R\u00e9novation et Modernisation de Votre Centre Social\">[&#8230;]<\/a><\/p>\n<\/div>","protected":false},"author":1,"featured_media":3134,"comment_status":"closed","ping_status":"closed","sticky":false,"template":"","format":"standard","meta":{"sfsi_plus_gutenberg_text_before_share":"","sfsi_plus_gutenberg_show_text_before_share":"","sfsi_plus_gutenberg_icon_type":"","sfsi_plus_gutenberg_icon_alignemt":"","sfsi_plus_gutenburg_max_per_row":"","_exactmetrics_skip_tracking":false,"_exactmetrics_sitenote_active":false,"_exactmetrics_sitenote_note":"","_exactmetrics_sitenote_category":0,"footnotes":""},"categories":[1],"tags":[],"class_list":["post-3133","post","type-post","status-publish","format-standard","has-post-thumbnail","hentry","category-non-classe"],"_links":{"self":[{"href":"http:\/\/www.csgrandvire.fr\/index.php\/wp-json\/wp\/v2\/posts\/3133","targetHints":{"allow":["GET"]}}],"collection":[{"href":"http:\/\/www.csgrandvire.fr\/index.php\/wp-json\/wp\/v2\/posts"}],"about":[{"href":"http:\/\/www.csgrandvire.fr\/index.php\/wp-json\/wp\/v2\/types\/post"}],"author":[{"embeddable":true,"href":"http:\/\/www.csgrandvire.fr\/index.php\/wp-json\/wp\/v2\/users\/1"}],"replies":[{"embeddable":true,"href":"http:\/\/www.csgrandvire.fr\/index.php\/wp-json\/wp\/v2\/comments?post=3133"}],"version-history":[{"count":1,"href":"http:\/\/www.csgrandvire.fr\/index.php\/wp-json\/wp\/v2\/posts\/3133\/revisions"}],"predecessor-version":[{"id":3135,"href":"http:\/\/www.csgrandvire.fr\/index.php\/wp-json\/wp\/v2\/posts\/3133\/revisions\/3135"}],"wp:featuredmedia":[{"embeddable":true,"href":"http:\/\/www.csgrandvire.fr\/index.php\/wp-json\/wp\/v2\/media\/3134"}],"wp:attachment":[{"href":"http:\/\/www.csgrandvire.fr\/index.php\/wp-json\/wp\/v2\/media?parent=3133"}],"wp:term":[{"taxonomy":"category","embeddable":true,"href":"http:\/\/www.csgrandvire.fr\/index.php\/wp-json\/wp\/v2\/categories?post=3133"},{"taxonomy":"post_tag","embeddable":true,"href":"http:\/\/www.csgrandvire.fr\/index.php\/wp-json\/wp\/v2\/tags?post=3133"}],"curies":[{"name":"wp","href":"https:\/\/api.w.org\/{rel}","templated":true}]}}