{"id":3130,"date":"2024-07-31T16:31:18","date_gmt":"2024-07-31T14:31:18","guid":{"rendered":"https:\/\/www.csgrandvire.fr\/?p=3130"},"modified":"2024-07-31T16:31:22","modified_gmt":"2024-07-31T14:31:22","slug":"recrutement-animateurs-mercredis-annee-scolaire-2024-2025","status":"publish","type":"post","link":"http:\/\/www.csgrandvire.fr\/index.php\/2024\/07\/31\/recrutement-animateurs-mercredis-annee-scolaire-2024-2025\/","title":{"rendered":"Recrutement animateurs mercredis ann\u00e9e scolaire 2024\/2025"},"content":{"rendered":"\n<p><img loading=\"lazy\" decoding=\"async\" height=\"16\" width=\"16\" alt=\"\ud83c\udf89\" src=\"https:\/\/static.xx.fbcdn.net\/images\/emoji.php\/v9\/t8c\/1\/16\/1f389.png\"> **Rejoignez l&rsquo;\u00e9quipe du Centre Social Le Grand Vire !** <img loading=\"lazy\" decoding=\"async\" height=\"16\" width=\"16\" alt=\"\ud83c\udf89\" src=\"https:\/\/static.xx.fbcdn.net\/images\/emoji.php\/v9\/t8c\/1\/16\/1f389.png\"><\/p>\n\n\n\n<p>Tu es animateur(trice) d\u2019accueil de loisirs et tu cherches une nouvelle aventure enrichissante ? Nous recrutons pour les mercredis 2024\/2025 !<\/p>\n\n\n\n<p>**Nous recherchons des profils avec :**<\/p>\n\n\n\n<p>&#8211; Un <a><\/a>sens des responsabilit\u00e9s et une capacit\u00e9 d\u2019organisation<\/p>\n\n\n\n<p>&#8211; Du dynamisme et de la cr\u00e9ativit\u00e9<\/p>\n\n\n\n<p>&#8211; Un bon esprit d\u2019\u00e9quipe et des qualit\u00e9s relationnelles<\/p>\n\n\n\n<p>&#8211; Une exp\u00e9rience en animation (BAFA exig\u00e9)<\/p>\n\n\n\n<p>**Vos missions :**<\/p>\n\n\n\n<p><img loading=\"lazy\" decoding=\"async\" height=\"16\" width=\"16\" alt=\"\u2705\" src=\"https:\/\/static.xx.fbcdn.net\/images\/emoji.php\/v9\/t33\/1\/16\/2705.png\"> Accueil des parents<\/p>\n\n\n\n<p><img loading=\"lazy\" decoding=\"async\" height=\"16\" width=\"16\" alt=\"\u2705\" src=\"https:\/\/static.xx.fbcdn.net\/images\/emoji.php\/v9\/t33\/1\/16\/2705.png\"> Encadrer un groupe d\u2019enfants de 3 \u00e0 11 ans<\/p>\n\n\n\n<p><img loading=\"lazy\" decoding=\"async\" height=\"16\" width=\"16\" alt=\"\u2705\" src=\"https:\/\/static.xx.fbcdn.net\/images\/emoji.php\/v9\/t33\/1\/16\/2705.png\"> Pr\u00e9paration et conduite d\u2019activit\u00e9s \u00e9ducatives<\/p>\n\n\n\n<p><img loading=\"lazy\" decoding=\"async\" height=\"16\" width=\"16\" alt=\"\u2705\" src=\"https:\/\/static.xx.fbcdn.net\/images\/emoji.php\/v9\/t33\/1\/16\/2705.png\"> Connaissance et respect de la r\u00e9glementation d\u2019ACM<\/p>\n\n\n\n<p><img loading=\"lazy\" decoding=\"async\" height=\"16\" width=\"16\" alt=\"\u2705\" src=\"https:\/\/static.xx.fbcdn.net\/images\/emoji.php\/v9\/t33\/1\/16\/2705.png\"> Mise en \u0153uvre du projet p\u00e9dagogique \u00e0 travers des animations<\/p>\n\n\n\n<p>**Nous offrons :**<\/p>\n\n\n\n<p><img loading=\"lazy\" decoding=\"async\" height=\"16\" width=\"16\" alt=\"\ud83d\udcb0\" src=\"https:\/\/static.xx.fbcdn.net\/images\/emoji.php\/v9\/t5a\/1\/16\/1f4b0.png\"> Forfait CEE avec repas compris : 76.56\u20ac + 10% de cong\u00e9s pay\u00e9s<\/p>\n\n\n\n<p><img loading=\"lazy\" decoding=\"async\" height=\"16\" width=\"16\" alt=\"\ud83d\udccd\" src=\"https:\/\/static.xx.fbcdn.net\/images\/emoji.php\/v9\/t2d\/1\/16\/1f4cd.png\"> **Lieu :** Centre Social Le Grand Vire, 23 Rue Jules Romains, 69120 Vaulx-en-Velin<\/p>\n\n\n\n<p><img loading=\"lazy\" decoding=\"async\" height=\"16\" width=\"16\" alt=\"\ud83d\ude8d\" src=\"https:\/\/static.xx.fbcdn.net\/images\/emoji.php\/v9\/tfa\/1\/16\/1f68d.png\"> Accessible en TCL : C8 ou C3, 52, Arr\u00eat \u00ab GRAND VIRE \u00bb<\/p>\n\n\n\n<p><img loading=\"lazy\" decoding=\"async\" height=\"16\" width=\"16\" alt=\"\ud83d\udce7\" src=\"https:\/\/static.xx.fbcdn.net\/images\/emoji.php\/v9\/tbe\/1\/16\/1f4e7.png\"> **Candidatures :** Envoyez votre CV \u00e0 l&rsquo;attention de la direction : enfance@csgrandvire.fr<\/p>\n\n\n\n<p>Viens faire partie d\u2019une \u00e9quipe dynamique et passionn\u00e9e pour offrir des moments inoubliables aux enfants !<\/p>\n\n\n\n<p><a href=\"https:\/\/www.facebook.com\/hashtag\/recrutementt?__eep__=6&amp;__cft__[0]=AZVZ5jAMU2yRdP12zYbMzSwP7gcY7vhKHY3S2L1pdyn9pR-klLWR04nHv8L_L6iH4heAE41B45AY5npG8-YMoqZAjpdLsE08NnoKjYc38wSkggb0Bh-sy2qq5YTG7U-oc1BeXYTelg45jrKFDjQqBi0cGRL3YUTJnMzeeRiWm9-zEw&amp;__tn__=*NK-R\">#recrutementt<\/a><a href=\"https:\/\/www.facebook.com\/hashtag\/animation?__eep__=6&amp;__cft__[0]=AZVZ5jAMU2yRdP12zYbMzSwP7gcY7vhKHY3S2L1pdyn9pR-klLWR04nHv8L_L6iH4heAE41B45AY5npG8-YMoqZAjpdLsE08NnoKjYc38wSkggb0Bh-sy2qq5YTG7U-oc1BeXYTelg45jrKFDjQqBi0cGRL3YUTJnMzeeRiWm9-zEw&amp;__tn__=*NK-R\">#animation<\/a><a href=\"https:\/\/www.facebook.com\/hashtag\/centredeloisirs?__eep__=6&amp;__cft__[0]=AZVZ5jAMU2yRdP12zYbMzSwP7gcY7vhKHY3S2L1pdyn9pR-klLWR04nHv8L_L6iH4heAE41B45AY5npG8-YMoqZAjpdLsE08NnoKjYc38wSkggb0Bh-sy2qq5YTG7U-oc1BeXYTelg45jrKFDjQqBi0cGRL3YUTJnMzeeRiWm9-zEw&amp;__tn__=*NK-R\">#centredeloisirs<\/a><a href=\"https:\/\/www.facebook.com\/hashtag\/vaulxenvelin?__eep__=6&amp;__cft__[0]=AZVZ5jAMU2yRdP12zYbMzSwP7gcY7vhKHY3S2L1pdyn9pR-klLWR04nHv8L_L6iH4heAE41B45AY5npG8-YMoqZAjpdLsE08NnoKjYc38wSkggb0Bh-sy2qq5YTG7U-oc1BeXYTelg45jrKFDjQqBi0cGRL3YUTJnMzeeRiWm9-zEw&amp;__tn__=*NK-R\">#vaulxenvelin<\/a><a href=\"https:\/\/www.facebook.com\/hashtag\/e%CC%81ducation?__eep__=6&amp;__cft__[0]=AZVZ5jAMU2yRdP12zYbMzSwP7gcY7vhKHY3S2L1pdyn9pR-klLWR04nHv8L_L6iH4heAE41B45AY5npG8-YMoqZAjpdLsE08NnoKjYc38wSkggb0Bh-sy2qq5YTG7U-oc1BeXYTelg45jrKFDjQqBi0cGRL3YUTJnMzeeRiWm9-zEw&amp;__tn__=*NK-R\">#\u00e9ducation<\/a><a href=\"https:\/\/www.facebook.com\/hashtag\/animation?__eep__=6&amp;__cft__[0]=AZVZ5jAMU2yRdP12zYbMzSwP7gcY7vhKHY3S2L1pdyn9pR-klLWR04nHv8L_L6iH4heAE41B45AY5npG8-YMoqZAjpdLsE08NnoKjYc38wSkggb0Bh-sy2qq5YTG7U-oc1BeXYTelg45jrKFDjQqBi0cGRL3YUTJnMzeeRiWm9-zEw&amp;__tn__=*NK-R\">#animation<\/a><\/p>\n","protected":false},"excerpt":{"rendered":"<div class=\"mh-excerpt\"><p>**Rejoignez l&rsquo;\u00e9quipe du Centre Social Le Grand Vire !** Tu es animateur(trice) d\u2019accueil de loisirs et tu cherches une nouvelle aventure enrichissante ? Nous recrutons <a class=\"mh-excerpt-more\" href=\"http:\/\/www.csgrandvire.fr\/index.php\/2024\/07\/31\/recrutement-animateurs-mercredis-annee-scolaire-2024-2025\/\" title=\"Recrutement animateurs mercredis ann\u00e9e scolaire 2024\/2025\">[&#8230;]<\/a><\/p>\n<\/div>","protected":false},"author":1,"featured_media":3131,"comment_status":"closed","ping_status":"closed","sticky":false,"template":"","format":"standard","meta":{"sfsi_plus_gutenberg_text_before_share":"","sfsi_plus_gutenberg_show_text_before_share":"","sfsi_plus_gutenberg_icon_type":"","sfsi_plus_gutenberg_icon_alignemt":"","sfsi_plus_gutenburg_max_per_row":"","_exactmetrics_skip_tracking":false,"_exactmetrics_sitenote_active":false,"_exactmetrics_sitenote_note":"","_exactmetrics_sitenote_category":0,"footnotes":""},"categories":[1],"tags":[],"class_list":["post-3130","post","type-post","status-publish","format-standard","has-post-thumbnail","hentry","category-non-classe"],"_links":{"self":[{"href":"http:\/\/www.csgrandvire.fr\/index.php\/wp-json\/wp\/v2\/posts\/3130","targetHints":{"allow":["GET"]}}],"collection":[{"href":"http:\/\/www.csgrandvire.fr\/index.php\/wp-json\/wp\/v2\/posts"}],"about":[{"href":"http:\/\/www.csgrandvire.fr\/index.php\/wp-json\/wp\/v2\/types\/post"}],"author":[{"embeddable":true,"href":"http:\/\/www.csgrandvire.fr\/index.php\/wp-json\/wp\/v2\/users\/1"}],"replies":[{"embeddable":true,"href":"http:\/\/www.csgrandvire.fr\/index.php\/wp-json\/wp\/v2\/comments?post=3130"}],"version-history":[{"count":1,"href":"http:\/\/www.csgrandvire.fr\/index.php\/wp-json\/wp\/v2\/posts\/3130\/revisions"}],"predecessor-version":[{"id":3132,"href":"http:\/\/www.csgrandvire.fr\/index.php\/wp-json\/wp\/v2\/posts\/3130\/revisions\/3132"}],"wp:featuredmedia":[{"embeddable":true,"href":"http:\/\/www.csgrandvire.fr\/index.php\/wp-json\/wp\/v2\/media\/3131"}],"wp:attachment":[{"href":"http:\/\/www.csgrandvire.fr\/index.php\/wp-json\/wp\/v2\/media?parent=3130"}],"wp:term":[{"taxonomy":"category","embeddable":true,"href":"http:\/\/www.csgrandvire.fr\/index.php\/wp-json\/wp\/v2\/categories?post=3130"},{"taxonomy":"post_tag","embeddable":true,"href":"http:\/\/www.csgrandvire.fr\/index.php\/wp-json\/wp\/v2\/tags?post=3130"}],"curies":[{"name":"wp","href":"https:\/\/api.w.org\/{rel}","templated":true}]}}