{"id":3120,"date":"2024-07-17T15:02:52","date_gmt":"2024-07-17T13:02:52","guid":{"rendered":"https:\/\/www.csgrandvire.fr\/?p=3120"},"modified":"2024-07-17T15:04:15","modified_gmt":"2024-07-17T13:04:15","slug":"ateliers-daccompagnement-a-la-scolarite","status":"publish","type":"post","link":"http:\/\/www.csgrandvire.fr\/index.php\/2024\/07\/17\/ateliers-daccompagnement-a-la-scolarite\/","title":{"rendered":"Ateliers d&rsquo;accompagnement \u00e0 la scolarit\u00e9"},"content":{"rendered":"\n<p><img loading=\"lazy\" decoding=\"async\" height=\"16\" width=\"16\" alt=\"\ud83c\udf92\" src=\"https:\/\/static.xx.fbcdn.net\/images\/emoji.php\/v9\/ta4\/1\/16\/1f392.png\"><img loading=\"lazy\" decoding=\"async\" height=\"16\" width=\"16\" alt=\"\ud83d\udcda\" src=\"https:\/\/static.xx.fbcdn.net\/images\/emoji.php\/v9\/t49\/1\/16\/1f4da.png\"> **Pr\u00e9-inscriptions pour l&rsquo;accompagnement scolaire !** <img loading=\"lazy\" decoding=\"async\" height=\"16\" width=\"16\" alt=\"\ud83d\udcda\" src=\"https:\/\/static.xx.fbcdn.net\/images\/emoji.php\/v9\/t49\/1\/16\/1f4da.png\"><\/p>\n\n\n\n<p>Ouverture des pr\u00e9-inscriptions le lundi 09 septembre pour nos ateliers d&rsquo;accompagnement \u00e0 la scolarit\u00e9 pour l&rsquo;ann\u00e9e 2024-2025.<\/p>\n\n\n\n<p>Ces ateliers sont destin\u00e9s aux \u00e9l\u00e8ves de primaire, coll\u00e8ge* et lyc\u00e9e. Nos animateurs et b\u00e9n\u00e9voles proposent une aide aux devoirs, des m\u00e9thodologies et des apports culturels.<\/p>\n\n\n\n<p><img loading=\"lazy\" decoding=\"async\" height=\"16\" width=\"16\" src=\"https:\/\/static.xx.fbcdn.net\/images\/emoji.php\/v9\/t5c\/1\/16\/1f5d3.png\" alt=\"\ud83d\uddd3\ufe0f\"> **Date des pr\u00e9-inscriptions :** \u00c0 partir du 9 septembre \u00e0 l&rsquo;accueil du Centre Social<\/p>\n\n\n\n<p><img loading=\"lazy\" decoding=\"async\" height=\"16\" width=\"16\" alt=\"\ud83d\udcde\" src=\"https:\/\/static.xx.fbcdn.net\/images\/emoji.php\/v9\/t4d\/1\/16\/1f4de.png\"> **Pour plus de renseignements :** 04 78 80 73 93<\/p>\n\n\n\n<p><img loading=\"lazy\" decoding=\"async\" height=\"16\" width=\"16\" src=\"https:\/\/static.xx.fbcdn.net\/images\/emoji.php\/v9\/tbe\/1\/16\/1f4e7.png\" alt=\"\ud83d\udce7\">  **Email :** contact@csgrandvire.fr<\/p>\n\n\n\n<p><img loading=\"lazy\" decoding=\"async\" height=\"16\" width=\"16\" src=\"https:\/\/static.xx.fbcdn.net\/images\/emoji.php\/v9\/t32\/1\/16\/1f516.png\" alt=\"\ud83d\udd16\">  **Tarif :**<\/p>\n\n\n\n<p>&#8211; 15 \u20ac \u00e0 l&rsquo;ann\u00e9e<\/p>\n\n\n\n<p>&#8211; 10 \u20ac d&rsquo;adh\u00e9sion annuelle au Centre Social<\/p>\n\n\n\n<p><img loading=\"lazy\" decoding=\"async\" height=\"16\" width=\"16\" alt=\"\ud83d\udc68\u200d\ud83d\udc69\u200d\ud83d\udc67\u200d\ud83d\udc66\" src=\"https:\/\/static.xx.fbcdn.net\/images\/emoji.php\/v9\/t9b\/1\/16\/1f468_200d_1f469_200d_1f467_200d_1f466.png\"> **Places disponibles :** 10 places par groupe<\/p>\n\n\n\n<p>*Pour les coll\u00e9giens scolaris\u00e9s \u00e0 Pierre Valdo.<\/p>\n\n\n\n<figure class=\"wp-block-image size-full\"><img loading=\"lazy\" decoding=\"async\" width=\"456\" height=\"644\" src=\"https:\/\/www.csgrandvire.fr\/wp-content\/uploads\/2024\/07\/CLAS.jpg\" alt=\"\" class=\"wp-image-3121\" srcset=\"http:\/\/www.csgrandvire.fr\/wp-content\/uploads\/2024\/07\/CLAS.jpg 456w, http:\/\/www.csgrandvire.fr\/wp-content\/uploads\/2024\/07\/CLAS-212x300.jpg 212w\" sizes=\"auto, (max-width: 456px) 100vw, 456px\" \/><\/figure>\n","protected":false},"excerpt":{"rendered":"<div class=\"mh-excerpt\"><p>**Pr\u00e9-inscriptions pour l&rsquo;accompagnement scolaire !** Ouverture des pr\u00e9-inscriptions le lundi 09 septembre pour nos ateliers d&rsquo;accompagnement \u00e0 la scolarit\u00e9 pour l&rsquo;ann\u00e9e 2024-2025. Ces ateliers sont <a class=\"mh-excerpt-more\" href=\"http:\/\/www.csgrandvire.fr\/index.php\/2024\/07\/17\/ateliers-daccompagnement-a-la-scolarite\/\" title=\"Ateliers d&rsquo;accompagnement \u00e0 la scolarit\u00e9\">[&#8230;]<\/a><\/p>\n<\/div>","protected":false},"author":4,"featured_media":2783,"comment_status":"closed","ping_status":"closed","sticky":false,"template":"","format":"standard","meta":{"sfsi_plus_gutenberg_text_before_share":"","sfsi_plus_gutenberg_show_text_before_share":"","sfsi_plus_gutenberg_icon_type":"","sfsi_plus_gutenberg_icon_alignemt":"","sfsi_plus_gutenburg_max_per_row":"","_exactmetrics_skip_tracking":false,"_exactmetrics_sitenote_active":false,"_exactmetrics_sitenote_note":"","_exactmetrics_sitenote_category":0,"footnotes":""},"categories":[1],"tags":[],"class_list":["post-3120","post","type-post","status-publish","format-standard","has-post-thumbnail","hentry","category-non-classe"],"_links":{"self":[{"href":"http:\/\/www.csgrandvire.fr\/index.php\/wp-json\/wp\/v2\/posts\/3120","targetHints":{"allow":["GET"]}}],"collection":[{"href":"http:\/\/www.csgrandvire.fr\/index.php\/wp-json\/wp\/v2\/posts"}],"about":[{"href":"http:\/\/www.csgrandvire.fr\/index.php\/wp-json\/wp\/v2\/types\/post"}],"author":[{"embeddable":true,"href":"http:\/\/www.csgrandvire.fr\/index.php\/wp-json\/wp\/v2\/users\/4"}],"replies":[{"embeddable":true,"href":"http:\/\/www.csgrandvire.fr\/index.php\/wp-json\/wp\/v2\/comments?post=3120"}],"version-history":[{"count":2,"href":"http:\/\/www.csgrandvire.fr\/index.php\/wp-json\/wp\/v2\/posts\/3120\/revisions"}],"predecessor-version":[{"id":3123,"href":"http:\/\/www.csgrandvire.fr\/index.php\/wp-json\/wp\/v2\/posts\/3120\/revisions\/3123"}],"wp:featuredmedia":[{"embeddable":true,"href":"http:\/\/www.csgrandvire.fr\/index.php\/wp-json\/wp\/v2\/media\/2783"}],"wp:attachment":[{"href":"http:\/\/www.csgrandvire.fr\/index.php\/wp-json\/wp\/v2\/media?parent=3120"}],"wp:term":[{"taxonomy":"category","embeddable":true,"href":"http:\/\/www.csgrandvire.fr\/index.php\/wp-json\/wp\/v2\/categories?post=3120"},{"taxonomy":"post_tag","embeddable":true,"href":"http:\/\/www.csgrandvire.fr\/index.php\/wp-json\/wp\/v2\/tags?post=3120"}],"curies":[{"name":"wp","href":"https:\/\/api.w.org\/{rel}","templated":true}]}}