{"id":3101,"date":"2024-06-28T18:15:28","date_gmt":"2024-06-28T16:15:28","guid":{"rendered":"https:\/\/www.csgrandvire.fr\/?p=3101"},"modified":"2024-06-28T18:28:29","modified_gmt":"2024-06-28T16:28:29","slug":"lete-en-famille-au-grand-vire","status":"publish","type":"post","link":"http:\/\/www.csgrandvire.fr\/index.php\/2024\/06\/28\/lete-en-famille-au-grand-vire\/","title":{"rendered":"L&rsquo;\u00e9t\u00e9 en famille au grand vire"},"content":{"rendered":"\n<p><img loading=\"lazy\" decoding=\"async\" height=\"16\" width=\"16\" alt=\"\ud83c\udf1e\" src=\"https:\/\/static.xx.fbcdn.net\/images\/emoji.php\/v9\/t5f\/1\/16\/1f31e.png\"> **Programme d&rsquo;\u00e9t\u00e9 pour les familles au Centre Social !** <img loading=\"lazy\" decoding=\"async\" height=\"16\" width=\"16\" alt=\"\ud83c\udf1e\" src=\"https:\/\/static.xx.fbcdn.net\/images\/emoji.php\/v9\/t5f\/1\/16\/1f31e.png\"><\/p>\n\n\n\n<p>Cet \u00e9t\u00e9, le Centre Social vous propose une multitude d&rsquo;activit\u00e9s pour profiter pleinement de la saison en famille ! D\u00e9couvrez nos sorties de proximit\u00e9 et nos ateliers vari\u00e9s pour petits et grands. <img loading=\"lazy\" decoding=\"async\" height=\"16\" width=\"16\" alt=\"\ud83c\udf33\" src=\"https:\/\/static.xx.fbcdn.net\/images\/emoji.php\/v9\/t6b\/1\/16\/1f333.png\"><img loading=\"lazy\" decoding=\"async\" height=\"16\" width=\"16\" alt=\"\ud83c\udfd6\ufe0f\" src=\"https:\/\/static.xx.fbcdn.net\/images\/emoji.php\/v9\/t5d\/1\/16\/1f3d6.png\"><img loading=\"lazy\" decoding=\"async\" height=\"16\" width=\"16\" alt=\"\ud83c\udfe1\" src=\"https:\/\/static.xx.fbcdn.net\/images\/emoji.php\/v9\/t77\/1\/16\/1f3e1.png\"><\/p>\n\n\n\n<p><img loading=\"lazy\" decoding=\"async\" height=\"16\" width=\"16\" alt=\"\ud83d\udcc5\" src=\"https:\/\/static.xx.fbcdn.net\/images\/emoji.php\/v9\/t7e\/1\/16\/1f4c5.png\"> **Mardi 9 Juillet** :<\/p>\n\n\n\n<p><a><\/a>**Activit\u00e9 sportive au grand parc et baignade \u00e0 l\u2019Atole**<\/p>\n\n\n\n<p>&#8211; Rejoignez-nous pour un apr\u00e8s-midi d\u00e9tente en famille (baignade, jeux sportifs&#8230;).<\/p>\n\n\n\n<p>&#8211; <img loading=\"lazy\" decoding=\"async\" height=\"16\" width=\"16\" alt=\"\ud83d\udccd\" src=\"https:\/\/static.xx.fbcdn.net\/images\/emoji.php\/v9\/t2d\/1\/16\/1f4cd.png\"> RDV \u00e0 12h45 au CS<\/p>\n\n\n\n<p>&#8211; <img loading=\"lazy\" decoding=\"async\" height=\"16\" width=\"16\" alt=\"\ud83d\udcb0\" src=\"https:\/\/static.xx.fbcdn.net\/images\/emoji.php\/v9\/t5a\/1\/16\/1f4b0.png\"> 4\u20ac par adulte, 2\u20ac par enfant<\/p>\n\n\n\n<p>&#8211; Pensez aux titres de transports !<\/p>\n\n\n\n<p>&#8211; <img loading=\"lazy\" decoding=\"async\" height=\"16\" width=\"16\" alt=\"\ud83d\udeab\" src=\"https:\/\/static.xx.fbcdn.net\/images\/emoji.php\/v9\/t6f\/1\/16\/1f6ab.png\"> Inscriptions obligatoires \u00e0 l&rsquo;accueil du CS. Pas d&rsquo;inscription par t\u00e9l\u00e9phone.<\/p>\n\n\n\n<p><img loading=\"lazy\" decoding=\"async\" height=\"16\" width=\"16\" alt=\"\ud83d\udcc5\" src=\"https:\/\/static.xx.fbcdn.net\/images\/emoji.php\/v9\/t7e\/1\/16\/1f4c5.png\"> **Vendredi 12 Juillet** :<\/p>\n\n\n\n<p>**Initiation \u00e0 l\u2019impression 3D**<\/p>\n\n\n\n<p>&#8211; Venez exp\u00e9rimenter diff\u00e9rents mat\u00e9riaux et couleurs pour cr\u00e9er des objets !<\/p>\n\n\n\n<p>&#8211; <img loading=\"lazy\" decoding=\"async\" height=\"16\" width=\"16\" alt=\"\u23f0\" src=\"https:\/\/static.xx.fbcdn.net\/images\/emoji.php\/v9\/t34\/1\/16\/23f0.png\"> 14h &#8211; 16h30 au CS<\/p>\n\n\n\n<p>&#8211; Gratuit + adh\u00e9sion obligatoire<\/p>\n\n\n\n<p><img loading=\"lazy\" decoding=\"async\" height=\"16\" width=\"16\" alt=\"\ud83d\udcc5\" src=\"https:\/\/static.xx.fbcdn.net\/images\/emoji.php\/v9\/t7e\/1\/16\/1f4c5.png\"> **Mardi 16 Juillet** :<\/p>\n\n\n\n<p>**Accrobranche et Escalade**<\/p>\n\n\n\n<p>&#8211; Participez \u00e0 des parcours acrobatiques dans des espaces d&rsquo;activit\u00e9 ludique.<\/p>\n\n\n\n<p>&#8211; <img loading=\"lazy\" decoding=\"async\" height=\"16\" width=\"16\" alt=\"\ud83d\udccd\" src=\"https:\/\/static.xx.fbcdn.net\/images\/emoji.php\/v9\/t2d\/1\/16\/1f4cd.png\"> D\u00e9part \u00e0 12h15 du CS<\/p>\n\n\n\n<p>&#8211; <img loading=\"lazy\" decoding=\"async\" height=\"16\" width=\"16\" alt=\"\ud83d\udcb0\" src=\"https:\/\/static.xx.fbcdn.net\/images\/emoji.php\/v9\/t5a\/1\/16\/1f4b0.png\"> 4\u20ac par adulte, 2\u20ac par enfant<\/p>\n\n\n\n<p>&#8211; Pensez aux titres de transports !<\/p>\n\n\n\n<p>&#8211; <img loading=\"lazy\" decoding=\"async\" height=\"16\" width=\"16\" alt=\"\ud83d\udeab\" src=\"https:\/\/static.xx.fbcdn.net\/images\/emoji.php\/v9\/t6f\/1\/16\/1f6ab.png\"> Inscriptions obligatoires \u00e0 l&rsquo;accueil du CS. Pas d&rsquo;inscription par t\u00e9l\u00e9phone.<\/p>\n\n\n\n<p><img loading=\"lazy\" decoding=\"async\" height=\"16\" width=\"16\" alt=\"\ud83d\udcc5\" src=\"https:\/\/static.xx.fbcdn.net\/images\/emoji.php\/v9\/t7e\/1\/16\/1f4c5.png\"> **Mercredi 17 Juillet** :<\/p>\n\n\n\n<p>**Atelier manuel Jardin**<\/p>\n\n\n\n<p>&#8211; D\u00e9couvrez le plaisir de jardiner en famille.<\/p>\n\n\n\n<p>&#8211; <img loading=\"lazy\" decoding=\"async\" height=\"16\" width=\"16\" alt=\"\u23f0\" src=\"https:\/\/static.xx.fbcdn.net\/images\/emoji.php\/v9\/t34\/1\/16\/23f0.png\"> 10h &#8211; 12h au Jardin d&rsquo;Ecoin<\/p>\n\n\n\n<p>&#8211; Gratuit + adh\u00e9sion obligatoire<\/p>\n\n\n\n<p><img loading=\"lazy\" decoding=\"async\" height=\"16\" width=\"16\" alt=\"\ud83d\udcc5\" src=\"https:\/\/static.xx.fbcdn.net\/images\/emoji.php\/v9\/t7e\/1\/16\/1f4c5.png\"> **Vendredi 19 Juillet** :<\/p>\n\n\n\n<p>**Initiation \u00e0 l\u2019impression 3D**<\/p>\n\n\n\n<p>&#8211; Venez exp\u00e9rimenter diff\u00e9rents mat\u00e9riaux et couleurs pour cr\u00e9er des objets !<\/p>\n\n\n\n<p>&#8211; <img loading=\"lazy\" decoding=\"async\" height=\"16\" width=\"16\" alt=\"\u23f0\" src=\"https:\/\/static.xx.fbcdn.net\/images\/emoji.php\/v9\/t34\/1\/16\/23f0.png\"> 14h &#8211; 16h30 au CS<\/p>\n\n\n\n<p>&#8211; Gratuit + adh\u00e9sion obligatoire<\/p>\n\n\n\n<p><img loading=\"lazy\" decoding=\"async\" height=\"16\" width=\"16\" alt=\"\ud83d\udcc5\" src=\"https:\/\/static.xx.fbcdn.net\/images\/emoji.php\/v9\/t7e\/1\/16\/1f4c5.png\"> **Mardi 23 Juillet** :<\/p>\n\n\n\n<p>**Parc de la T\u00eate d\u2019Or**<\/p>\n\n\n\n<p>&#8211; Profitez de la nature en famille et des animaux du parc.<\/p>\n\n\n\n<p>&#8211; <img loading=\"lazy\" decoding=\"async\" height=\"16\" width=\"16\" alt=\"\ud83d\udccd\" src=\"https:\/\/static.xx.fbcdn.net\/images\/emoji.php\/v9\/t2d\/1\/16\/1f4cd.png\"> D\u00e9part \u00e0 9h30 du CS<\/p>\n\n\n\n<p>&#8211; Pensez aux titres de transports et au pique-nique !<\/p>\n\n\n\n<p>&#8211; Gratuit + adh\u00e9sion obligatoire<\/p>\n\n\n\n<p><img loading=\"lazy\" decoding=\"async\" height=\"16\" width=\"16\" alt=\"\ud83d\udcc5\" src=\"https:\/\/static.xx.fbcdn.net\/images\/emoji.php\/v9\/t7e\/1\/16\/1f4c5.png\"> **Vendredi 26 Juillet** :<\/p>\n\n\n\n<p>**Initiation \u00e0 l\u2019impression 3D**<\/p>\n\n\n\n<p>&#8211; Venez exp\u00e9rimenter diff\u00e9rents mat\u00e9riaux et couleurs pour cr\u00e9er des objets !<\/p>\n\n\n\n<p>&#8211; <img loading=\"lazy\" decoding=\"async\" height=\"16\" width=\"16\" alt=\"\u23f0\" src=\"https:\/\/static.xx.fbcdn.net\/images\/emoji.php\/v9\/t34\/1\/16\/23f0.png\"> 14h &#8211; 16h30 au Carco<\/p>\n\n\n\n<p>&#8211; Gratuit + adh\u00e9sion obligatoire<\/p>\n\n\n\n<p><img loading=\"lazy\" decoding=\"async\" height=\"16\" width=\"16\" alt=\"\ud83d\udcc5\" src=\"https:\/\/static.xx.fbcdn.net\/images\/emoji.php\/v9\/t7e\/1\/16\/1f4c5.png\"> **Mardi 30 Juillet** :<\/p>\n\n\n\n<p>**Voile et Barbecue**<\/p>\n\n\n\n<p>&#8211; Initiation \u00e0 la voile et barbecue convivial.<\/p>\n\n\n\n<p>&#8211; <img loading=\"lazy\" decoding=\"async\" height=\"16\" width=\"16\" alt=\"\ud83d\udccd\" src=\"https:\/\/static.xx.fbcdn.net\/images\/emoji.php\/v9\/t2d\/1\/16\/1f4cd.png\"> D\u00e9part \u00e0 9h15 du CS<\/p>\n\n\n\n<p>&#8211; Pensez aux titres de transports !<\/p>\n\n\n\n<p>&#8211; <img loading=\"lazy\" decoding=\"async\" height=\"16\" width=\"16\" alt=\"\ud83d\udeab\" src=\"https:\/\/static.xx.fbcdn.net\/images\/emoji.php\/v9\/t6f\/1\/16\/1f6ab.png\"> Inscriptions obligatoires \u00e0 l&rsquo;accueil du CS. Pas d&rsquo;inscription par t\u00e9l\u00e9phone.<\/p>\n\n\n\n<p><img loading=\"lazy\" decoding=\"async\" height=\"16\" width=\"16\" alt=\"\ud83d\ude90\" src=\"https:\/\/static.xx.fbcdn.net\/images\/emoji.php\/v9\/t65\/1\/16\/1f690.png\"> **Les sorties familiales** :<\/p>\n\n\n\n<p>Des sorties familiales sont \u00e9galement pr\u00e9vues ce mois-ci :<\/p>\n\n\n\n<p>&#8211; Samedi 13 juillet : Le PAL, parc animalier et attractions<\/p>\n\n\n\n<p>&#8211; Samedi 20 juillet : Lac d\u2019Annecy, baignade en familles<\/p>\n\n\n\n<p>&#8211; Samedi 27 juillet : Lac d\u2019aiguebelette, baignade<\/p>\n\n\n\n<p>&#8211; Samedi 30 juillet : Palavas les flots, sortie \u00e0 la mer<\/p>\n\n\n\n<p><img loading=\"lazy\" decoding=\"async\" height=\"16\" width=\"16\" alt=\"\ud83d\uddd3\ufe0f\" src=\"https:\/\/static.xx.fbcdn.net\/images\/emoji.php\/v9\/t5c\/1\/16\/1f5d3.png\"> **Inscriptions** :<\/p>\n\n\n\n<p>&#8211; Inscription le 1er juillet pour les sorties du 13 juillet et du 20 juillet<\/p>\n\n\n\n<p>&#8211; Inscription le 15 juillet pour les sorties du 27et du 30 juillet<\/p>\n\n\n\n<p>&#8211; Horaires : de 9h30 \u00e0 12h30 et de 14h00 \u00e0 17h00<\/p>\n\n\n\n<p>&#8211; <img loading=\"lazy\" decoding=\"async\" height=\"16\" width=\"16\" alt=\"\ud83d\udcde\" src=\"https:\/\/static.xx.fbcdn.net\/images\/emoji.php\/v9\/t4d\/1\/16\/1f4de.png\"> Pour plus d&rsquo;informations : 07 69 08 77 65<\/p>\n\n\n\n<p>Rejoignez-nous pour un \u00e9t\u00e9 plein d&rsquo;aventures et de d\u00e9couvertes en famille ! <img loading=\"lazy\" decoding=\"async\" height=\"16\" width=\"16\" alt=\"\ud83c\udf1e\" src=\"https:\/\/static.xx.fbcdn.net\/images\/emoji.php\/v9\/t5f\/1\/16\/1f31e.png\"><img loading=\"lazy\" decoding=\"async\" height=\"16\" width=\"16\" alt=\"\ud83d\udc68\u200d\ud83d\udc69\u200d\ud83d\udc67\u200d\ud83d\udc66\" src=\"https:\/\/static.xx.fbcdn.net\/images\/emoji.php\/v9\/t9b\/1\/16\/1f468_200d_1f469_200d_1f467_200d_1f466.png\"><\/p>\n\n\n\n<p>&#8212;<\/p>\n\n\n\n<p>N&rsquo;oubliez pas de vous inscrire \u00e0 l&rsquo;accueil du Centre Social, les places sont limit\u00e9es ! <img loading=\"lazy\" decoding=\"async\" height=\"16\" width=\"16\" alt=\"\ud83d\ude03\" src=\"https:\/\/static.xx.fbcdn.net\/images\/emoji.php\/v9\/t51\/1\/16\/1f603.png\"><\/p>\n\n\n\n<p><a href=\"https:\/\/www.facebook.com\/hashtag\/%C3%A9t%C3%A9enfamille?__eep__=6&amp;__cft__[0]=AZXtgI0eYZTg4miwqqMrjJMLu-0Xg9kaR5Ce-KJicHmWkq8C3JPo8UT5a0EAZsYHhEknW2jnVapDUaVbjf8jnasF0dVsciwDbhs5jVN0A4NFWkBgJItIJePD-Yj37oDIWUG0WyTepNcoY4NPuwHk18cCW80QQaaTIJ7rYaqzPc0JmNlZohRQl8KuZzBwQTsfSMQ&amp;__tn__=*NK-R\">#\u00c9t\u00e9EnFamille<\/a><a href=\"https:\/\/www.facebook.com\/hashtag\/activit%C3%A9sfamiliales?__eep__=6&amp;__cft__[0]=AZXtgI0eYZTg4miwqqMrjJMLu-0Xg9kaR5Ce-KJicHmWkq8C3JPo8UT5a0EAZsYHhEknW2jnVapDUaVbjf8jnasF0dVsciwDbhs5jVN0A4NFWkBgJItIJePD-Yj37oDIWUG0WyTepNcoY4NPuwHk18cCW80QQaaTIJ7rYaqzPc0JmNlZohRQl8KuZzBwQTsfSMQ&amp;__tn__=*NK-R\">#Activit\u00e9sFamiliales<\/a><a href=\"https:\/\/www.facebook.com\/hashtag\/centresocial?__eep__=6&amp;__cft__[0]=AZXtgI0eYZTg4miwqqMrjJMLu-0Xg9kaR5Ce-KJicHmWkq8C3JPo8UT5a0EAZsYHhEknW2jnVapDUaVbjf8jnasF0dVsciwDbhs5jVN0A4NFWkBgJItIJePD-Yj37oDIWUG0WyTepNcoY4NPuwHk18cCW80QQaaTIJ7rYaqzPc0JmNlZohRQl8KuZzBwQTsfSMQ&amp;__tn__=*NK-R\">#CentreSocial<\/a><a href=\"https:\/\/www.facebook.com\/hashtag\/sortiesproximit%C3%A9?__eep__=6&amp;__cft__[0]=AZXtgI0eYZTg4miwqqMrjJMLu-0Xg9kaR5Ce-KJicHmWkq8C3JPo8UT5a0EAZsYHhEknW2jnVapDUaVbjf8jnasF0dVsciwDbhs5jVN0A4NFWkBgJItIJePD-Yj37oDIWUG0WyTepNcoY4NPuwHk18cCW80QQaaTIJ7rYaqzPc0JmNlZohRQl8KuZzBwQTsfSMQ&amp;__tn__=*NK-R\">#SortiesProximit\u00e9<\/a><a href=\"https:\/\/www.facebook.com\/hashtag\/atelierscr%C3%A9atifs?__eep__=6&amp;__cft__[0]=AZXtgI0eYZTg4miwqqMrjJMLu-0Xg9kaR5Ce-KJicHmWkq8C3JPo8UT5a0EAZsYHhEknW2jnVapDUaVbjf8jnasF0dVsciwDbhs5jVN0A4NFWkBgJItIJePD-Yj37oDIWUG0WyTepNcoY4NPuwHk18cCW80QQaaTIJ7rYaqzPc0JmNlZohRQl8KuZzBwQTsfSMQ&amp;__tn__=*NK-R\">#AteliersCr\u00e9atifs<\/a><a href=\"https:\/\/www.facebook.com\/hashtag\/vacances2024?__eep__=6&amp;__cft__[0]=AZXtgI0eYZTg4miwqqMrjJMLu-0Xg9kaR5Ce-KJicHmWkq8C3JPo8UT5a0EAZsYHhEknW2jnVapDUaVbjf8jnasF0dVsciwDbhs5jVN0A4NFWkBgJItIJePD-Yj37oDIWUG0WyTepNcoY4NPuwHk18cCW80QQaaTIJ7rYaqzPc0JmNlZohRQl8KuZzBwQTsfSMQ&amp;__tn__=*NK-R\">#Vacances2024<\/a><\/p>\n\n\n\n<figure class=\"wp-block-image size-large\"><img loading=\"lazy\" decoding=\"async\" width=\"1024\" height=\"791\" src=\"https:\/\/www.csgrandvire.fr\/wp-content\/uploads\/2024\/06\/2-1-1024x791.png\" alt=\"\" class=\"wp-image-3105\" srcset=\"http:\/\/www.csgrandvire.fr\/wp-content\/uploads\/2024\/06\/2-1-1024x791.png 1024w, http:\/\/www.csgrandvire.fr\/wp-content\/uploads\/2024\/06\/2-1-300x232.png 300w, http:\/\/www.csgrandvire.fr\/wp-content\/uploads\/2024\/06\/2-1-768x593.png 768w, http:\/\/www.csgrandvire.fr\/wp-content\/uploads\/2024\/06\/2-1-1536x1187.png 1536w, http:\/\/www.csgrandvire.fr\/wp-content\/uploads\/2024\/06\/2-1.png 2000w\" sizes=\"auto, (max-width: 1024px) 100vw, 1024px\" \/><\/figure>\n","protected":false},"excerpt":{"rendered":"<div class=\"mh-excerpt\"><p>**Programme d&rsquo;\u00e9t\u00e9 pour les familles au Centre Social !** Cet \u00e9t\u00e9, le Centre Social vous propose une multitude d&rsquo;activit\u00e9s pour profiter pleinement de la saison <a class=\"mh-excerpt-more\" href=\"http:\/\/www.csgrandvire.fr\/index.php\/2024\/06\/28\/lete-en-famille-au-grand-vire\/\" title=\"L&rsquo;\u00e9t\u00e9 en famille au grand vire\">[&#8230;]<\/a><\/p>\n<\/div>","protected":false},"author":1,"featured_media":3104,"comment_status":"closed","ping_status":"closed","sticky":false,"template":"","format":"standard","meta":{"sfsi_plus_gutenberg_text_before_share":"","sfsi_plus_gutenberg_show_text_before_share":"","sfsi_plus_gutenberg_icon_type":"","sfsi_plus_gutenberg_icon_alignemt":"","sfsi_plus_gutenburg_max_per_row":"","_exactmetrics_skip_tracking":false,"_exactmetrics_sitenote_active":false,"_exactmetrics_sitenote_note":"","_exactmetrics_sitenote_category":0,"footnotes":""},"categories":[1],"tags":[],"class_list":["post-3101","post","type-post","status-publish","format-standard","has-post-thumbnail","hentry","category-non-classe"],"_links":{"self":[{"href":"http:\/\/www.csgrandvire.fr\/index.php\/wp-json\/wp\/v2\/posts\/3101","targetHints":{"allow":["GET"]}}],"collection":[{"href":"http:\/\/www.csgrandvire.fr\/index.php\/wp-json\/wp\/v2\/posts"}],"about":[{"href":"http:\/\/www.csgrandvire.fr\/index.php\/wp-json\/wp\/v2\/types\/post"}],"author":[{"embeddable":true,"href":"http:\/\/www.csgrandvire.fr\/index.php\/wp-json\/wp\/v2\/users\/1"}],"replies":[{"embeddable":true,"href":"http:\/\/www.csgrandvire.fr\/index.php\/wp-json\/wp\/v2\/comments?post=3101"}],"version-history":[{"count":2,"href":"http:\/\/www.csgrandvire.fr\/index.php\/wp-json\/wp\/v2\/posts\/3101\/revisions"}],"predecessor-version":[{"id":3107,"href":"http:\/\/www.csgrandvire.fr\/index.php\/wp-json\/wp\/v2\/posts\/3101\/revisions\/3107"}],"wp:featuredmedia":[{"embeddable":true,"href":"http:\/\/www.csgrandvire.fr\/index.php\/wp-json\/wp\/v2\/media\/3104"}],"wp:attachment":[{"href":"http:\/\/www.csgrandvire.fr\/index.php\/wp-json\/wp\/v2\/media?parent=3101"}],"wp:term":[{"taxonomy":"category","embeddable":true,"href":"http:\/\/www.csgrandvire.fr\/index.php\/wp-json\/wp\/v2\/categories?post=3101"},{"taxonomy":"post_tag","embeddable":true,"href":"http:\/\/www.csgrandvire.fr\/index.php\/wp-json\/wp\/v2\/tags?post=3101"}],"curies":[{"name":"wp","href":"https:\/\/api.w.org\/{rel}","templated":true}]}}