{"id":3062,"date":"2024-05-14T17:51:52","date_gmt":"2024-05-14T15:51:52","guid":{"rendered":"https:\/\/www.csgrandvire.fr\/?p=3062"},"modified":"2024-05-14T17:51:56","modified_gmt":"2024-05-14T15:51:56","slug":"reunion-collective-depart-en-vacances","status":"publish","type":"post","link":"http:\/\/www.csgrandvire.fr\/index.php\/2024\/05\/14\/reunion-collective-depart-en-vacances\/","title":{"rendered":"R\u00e9union collective d\u00e9part en vacances"},"content":{"rendered":"\n<p>\ud83c\udf1f\ud83c\udf89 Besoin d&rsquo;un coup de pouce pour pr\u00e9parer vos prochaines vacances ? Rejoignez-nous pour une r\u00e9union collective au centre social J.J. Peyri le 23 mai de 14h \u00e0 16h ! \ud83c\udfd6\ufe0f<\/p>\n\n\n\n<p>Au programme : une s\u00e9ance d&rsquo;aide aux d\u00e9marches pour les personnes b\u00e9n\u00e9ficiaires des bons CAF. Ensemble, nous vous aiderons \u00e0 franchir toutes les \u00e9tapes n\u00e9cessaires pour partir sereinement en vacances cet \u00e9t\u00e9. \u2600\ufe0f\ud83d\udcbc<\/p>\n\n\n\n<p>\ud83d\udcc5 Date : 23 mai<br>\ud83d\udd51 Horaire : 14h &#8211; 16h<br>\ud83d\udccd Lieu : Centre social J.J. Peyri<br>\ud83d\udcdd Inscriptions : Au centre social<\/p>\n\n\n\n<figure class=\"wp-block-image size-full\"><img loading=\"lazy\" decoding=\"async\" width=\"566\" height=\"804\" src=\"https:\/\/www.csgrandvire.fr\/wp-content\/uploads\/2024\/05\/REUNION-COLLECTIVE-VACAF.jpg\" alt=\"\" class=\"wp-image-3063\" srcset=\"http:\/\/www.csgrandvire.fr\/wp-content\/uploads\/2024\/05\/REUNION-COLLECTIVE-VACAF.jpg 566w, http:\/\/www.csgrandvire.fr\/wp-content\/uploads\/2024\/05\/REUNION-COLLECTIVE-VACAF-211x300.jpg 211w\" sizes=\"auto, (max-width: 566px) 100vw, 566px\" \/><\/figure>\n","protected":false},"excerpt":{"rendered":"<div class=\"mh-excerpt\"><p>\ud83c\udf1f\ud83c\udf89 Besoin d&rsquo;un coup de pouce pour pr\u00e9parer vos prochaines vacances ? Rejoignez-nous pour une r\u00e9union collective au centre social J.J. Peyri le 23 mai <a class=\"mh-excerpt-more\" href=\"http:\/\/www.csgrandvire.fr\/index.php\/2024\/05\/14\/reunion-collective-depart-en-vacances\/\" title=\"R\u00e9union collective d\u00e9part en vacances\">[&#8230;]<\/a><\/p>\n<\/div>","protected":false},"author":4,"featured_media":3064,"comment_status":"closed","ping_status":"closed","sticky":false,"template":"","format":"standard","meta":{"sfsi_plus_gutenberg_text_before_share":"","sfsi_plus_gutenberg_show_text_before_share":"","sfsi_plus_gutenberg_icon_type":"","sfsi_plus_gutenberg_icon_alignemt":"","sfsi_plus_gutenburg_max_per_row":"","_exactmetrics_skip_tracking":false,"_exactmetrics_sitenote_active":false,"_exactmetrics_sitenote_note":"","_exactmetrics_sitenote_category":0,"footnotes":""},"categories":[1],"tags":[],"class_list":["post-3062","post","type-post","status-publish","format-standard","has-post-thumbnail","hentry","category-non-classe"],"_links":{"self":[{"href":"http:\/\/www.csgrandvire.fr\/index.php\/wp-json\/wp\/v2\/posts\/3062","targetHints":{"allow":["GET"]}}],"collection":[{"href":"http:\/\/www.csgrandvire.fr\/index.php\/wp-json\/wp\/v2\/posts"}],"about":[{"href":"http:\/\/www.csgrandvire.fr\/index.php\/wp-json\/wp\/v2\/types\/post"}],"author":[{"embeddable":true,"href":"http:\/\/www.csgrandvire.fr\/index.php\/wp-json\/wp\/v2\/users\/4"}],"replies":[{"embeddable":true,"href":"http:\/\/www.csgrandvire.fr\/index.php\/wp-json\/wp\/v2\/comments?post=3062"}],"version-history":[{"count":1,"href":"http:\/\/www.csgrandvire.fr\/index.php\/wp-json\/wp\/v2\/posts\/3062\/revisions"}],"predecessor-version":[{"id":3065,"href":"http:\/\/www.csgrandvire.fr\/index.php\/wp-json\/wp\/v2\/posts\/3062\/revisions\/3065"}],"wp:featuredmedia":[{"embeddable":true,"href":"http:\/\/www.csgrandvire.fr\/index.php\/wp-json\/wp\/v2\/media\/3064"}],"wp:attachment":[{"href":"http:\/\/www.csgrandvire.fr\/index.php\/wp-json\/wp\/v2\/media?parent=3062"}],"wp:term":[{"taxonomy":"category","embeddable":true,"href":"http:\/\/www.csgrandvire.fr\/index.php\/wp-json\/wp\/v2\/categories?post=3062"},{"taxonomy":"post_tag","embeddable":true,"href":"http:\/\/www.csgrandvire.fr\/index.php\/wp-json\/wp\/v2\/tags?post=3062"}],"curies":[{"name":"wp","href":"https:\/\/api.w.org\/{rel}","templated":true}]}}