{"id":2988,"date":"2024-02-23T15:52:59","date_gmt":"2024-02-23T14:52:59","guid":{"rendered":"https:\/\/www.csgrandvire.fr\/?p=2988"},"modified":"2024-02-23T15:53:03","modified_gmt":"2024-02-23T14:53:03","slug":"reunions-collectives-vacaf","status":"publish","type":"post","link":"http:\/\/www.csgrandvire.fr\/index.php\/2024\/02\/23\/reunions-collectives-vacaf\/","title":{"rendered":"R\u00e9unions collectives VACAF"},"content":{"rendered":"\n<p><img loading=\"lazy\" decoding=\"async\" height=\"16\" width=\"16\" src=\"https:\/\/static.xx.fbcdn.net\/images\/emoji.php\/v9\/te0\/1\/16\/1f31f.png\" alt=\"\ud83c\udf1f\"><img loading=\"lazy\" decoding=\"async\" height=\"16\" width=\"16\" src=\"https:\/\/static.xx.fbcdn.net\/images\/emoji.php\/v9\/t5d\/1\/16\/1f3d6.png\" alt=\"\ud83c\udfd6\ufe0f\"> Familles b\u00e9n\u00e9ficiaires des bons VACAF, cette invitation est pour vous ! <img loading=\"lazy\" decoding=\"async\" height=\"16\" width=\"16\" src=\"https:\/\/static.xx.fbcdn.net\/images\/emoji.php\/v9\/te0\/1\/16\/1f31f.png\" alt=\"\ud83c\udf1f\"><img loading=\"lazy\" decoding=\"async\" height=\"16\" width=\"16\" src=\"https:\/\/static.xx.fbcdn.net\/images\/emoji.php\/v9\/t5d\/1\/16\/1f3d6.png\" alt=\"\ud83c\udfd6\ufe0f\"><\/p>\n\n\n\n<p><img loading=\"lazy\" decoding=\"async\" height=\"16\" width=\"16\" alt=\"\ud83d\udce2\" src=\"https:\/\/static.xx.fbcdn.net\/images\/emoji.php\/v9\/t39\/1\/16\/1f4e2.png\"> Afin de vous accompagner dans vos d\u00e9marches de d\u00e9part en vacances, nous vous proposons de participer \u00e0 l&rsquo;une de ces r\u00e9unions ! <img loading=\"lazy\" decoding=\"async\" height=\"16\" width=\"16\" alt=\"\ud83c\udf1e\" src=\"https:\/\/static.xx.fbcdn.net\/images\/emoji.php\/v9\/t5f\/1\/16\/1f31e.png\"><\/p>\n\n\n\n<p><img loading=\"lazy\" decoding=\"async\" height=\"16\" width=\"16\" alt=\"\ud83d\udcc5\" src=\"https:\/\/static.xx.fbcdn.net\/images\/emoji.php\/v9\/t7e\/1\/16\/1f4c5.png\"> 05 mars \u00e0 l&rsquo;Atelier L\u00e9onard de Vinci<\/p>\n\n\n\n<p><img loading=\"lazy\" decoding=\"async\" height=\"16\" width=\"16\" src=\"https:\/\/static.xx.fbcdn.net\/images\/emoji.php\/v9\/t7e\/1\/16\/1f4c5.png\" alt=\"\ud83d\udcc5\"> 11 mars \u00e0 l&rsquo;Espace Carco<\/p>\n\n\n\n<figure class=\"wp-block-image size-full\"><img loading=\"lazy\" decoding=\"async\" width=\"568\" height=\"805\" src=\"https:\/\/www.csgrandvire.fr\/wp-content\/uploads\/2024\/02\/REUNION-COLLECTIVE-VACAF.jpg\" alt=\"\" class=\"wp-image-2989\" srcset=\"http:\/\/www.csgrandvire.fr\/wp-content\/uploads\/2024\/02\/REUNION-COLLECTIVE-VACAF.jpg 568w, http:\/\/www.csgrandvire.fr\/wp-content\/uploads\/2024\/02\/REUNION-COLLECTIVE-VACAF-212x300.jpg 212w\" sizes=\"auto, (max-width: 568px) 100vw, 568px\" \/><\/figure>\n","protected":false},"excerpt":{"rendered":"<div class=\"mh-excerpt\"><p>Familles b\u00e9n\u00e9ficiaires des bons VACAF, cette invitation est pour vous ! Afin de vous accompagner dans vos d\u00e9marches de d\u00e9part en vacances, nous vous proposons <a class=\"mh-excerpt-more\" href=\"http:\/\/www.csgrandvire.fr\/index.php\/2024\/02\/23\/reunions-collectives-vacaf\/\" title=\"R\u00e9unions collectives VACAF\">[&#8230;]<\/a><\/p>\n<\/div>","protected":false},"author":4,"featured_media":2990,"comment_status":"closed","ping_status":"closed","sticky":false,"template":"","format":"standard","meta":{"sfsi_plus_gutenberg_text_before_share":"","sfsi_plus_gutenberg_show_text_before_share":"","sfsi_plus_gutenberg_icon_type":"","sfsi_plus_gutenberg_icon_alignemt":"","sfsi_plus_gutenburg_max_per_row":"","_exactmetrics_skip_tracking":false,"_exactmetrics_sitenote_active":false,"_exactmetrics_sitenote_note":"","_exactmetrics_sitenote_category":0,"footnotes":""},"categories":[1],"tags":[],"class_list":["post-2988","post","type-post","status-publish","format-standard","has-post-thumbnail","hentry","category-non-classe"],"_links":{"self":[{"href":"http:\/\/www.csgrandvire.fr\/index.php\/wp-json\/wp\/v2\/posts\/2988","targetHints":{"allow":["GET"]}}],"collection":[{"href":"http:\/\/www.csgrandvire.fr\/index.php\/wp-json\/wp\/v2\/posts"}],"about":[{"href":"http:\/\/www.csgrandvire.fr\/index.php\/wp-json\/wp\/v2\/types\/post"}],"author":[{"embeddable":true,"href":"http:\/\/www.csgrandvire.fr\/index.php\/wp-json\/wp\/v2\/users\/4"}],"replies":[{"embeddable":true,"href":"http:\/\/www.csgrandvire.fr\/index.php\/wp-json\/wp\/v2\/comments?post=2988"}],"version-history":[{"count":1,"href":"http:\/\/www.csgrandvire.fr\/index.php\/wp-json\/wp\/v2\/posts\/2988\/revisions"}],"predecessor-version":[{"id":2991,"href":"http:\/\/www.csgrandvire.fr\/index.php\/wp-json\/wp\/v2\/posts\/2988\/revisions\/2991"}],"wp:featuredmedia":[{"embeddable":true,"href":"http:\/\/www.csgrandvire.fr\/index.php\/wp-json\/wp\/v2\/media\/2990"}],"wp:attachment":[{"href":"http:\/\/www.csgrandvire.fr\/index.php\/wp-json\/wp\/v2\/media?parent=2988"}],"wp:term":[{"taxonomy":"category","embeddable":true,"href":"http:\/\/www.csgrandvire.fr\/index.php\/wp-json\/wp\/v2\/categories?post=2988"},{"taxonomy":"post_tag","embeddable":true,"href":"http:\/\/www.csgrandvire.fr\/index.php\/wp-json\/wp\/v2\/tags?post=2988"}],"curies":[{"name":"wp","href":"https:\/\/api.w.org\/{rel}","templated":true}]}}