{"id":2967,"date":"2024-01-17T17:34:00","date_gmt":"2024-01-17T16:34:00","guid":{"rendered":"https:\/\/www.csgrandvire.fr\/?p=2967"},"modified":"2024-01-27T17:36:53","modified_gmt":"2024-01-27T16:36:53","slug":"podcasts-intergenerationnels","status":"publish","type":"post","link":"http:\/\/www.csgrandvire.fr\/index.php\/2024\/01\/17\/podcasts-intergenerationnels\/","title":{"rendered":"Podcasts interg\u00e9n\u00e9rationnels"},"content":{"rendered":"\n<p><img loading=\"lazy\" decoding=\"async\" height=\"16\" width=\"16\" alt=\"\ud83c\udf99\ufe0f\" src=\"https:\/\/static.xx.fbcdn.net\/images\/emoji.php\/v9\/t2b\/1\/16\/1f399.png\"> D\u00e9couvrez les Podcasts : Une plong\u00e9e sonore captivante dans le c\u0153ur d&rsquo;un projet interg\u00e9n\u00e9rationnel ! <img loading=\"lazy\" decoding=\"async\" height=\"16\" width=\"16\" alt=\"\ud83c\udf10\" src=\"https:\/\/static.xx.fbcdn.net\/images\/emoji.php\/v9\/taa\/1\/16\/1f310.png\"><\/p>\n\n\n\n<p>Nous sommes ravis de partager avec vous une plong\u00e9e sonore captivante dans le c\u0153ur d&rsquo;un projet exceptionnel qui a permis de tisser des liens interg\u00e9n\u00e9rationnels riches en \u00e9motions \u00e0 travers la r\u00e9alisation de podcasts. Ces moments uniques ont \u00e9t\u00e9 immortalis\u00e9s lors des rencontres de la Semaine Bleue de Vaulx-en-Velin, en partenariat avec Les Petits Fr\u00e8res des Pauvres, la <a><\/a>r\u00e9sidence Adoma L\u2019Olivier, et le centre social Le Grand Vire.<\/p>\n\n\n\n<p><img loading=\"lazy\" decoding=\"async\" height=\"16\" width=\"16\" alt=\"\ud83d\udd17\" src=\"https:\/\/static.xx.fbcdn.net\/images\/emoji.php\/v9\/tb3\/1\/16\/1f517.png\"> Retrouvez ces podcasts inspirants sur le site de Pontem : <a href=\"https:\/\/pontem-asso.com\/podcast-cat\/semaine-bleue-vaulx-en-velin\/?fbclid=IwAR2RKRv-x43RZPLNRevUul43Eb2Jx7OxGDJEpA-GwZscSJBQ6fYCYHHFYRU\" rel=\"noreferrer noopener\" target=\"_blank\">https:\/\/pontem-asso.com\/pod&#8230;\/semaine-bleue-vaulx-en-velin\/<\/a><\/p>\n\n\n\n<p><img loading=\"lazy\" decoding=\"async\" height=\"16\" width=\"16\" alt=\"\ud83c\udfa7\" src=\"https:\/\/static.xx.fbcdn.net\/images\/emoji.php\/v9\/t1\/1\/16\/1f3a7.png\"> \u00c9coutez-les \u00e9galement sur Spotify : <a href=\"https:\/\/l.facebook.com\/l.php?u=https%3A%2F%2Fopen.spotify.com%2Fshow%2F5RKbsV13WyyA9wjofjFYWE%3Ffbclid%3DIwAR2libCZ9j1g0Fn56HBDXUbwS8SPYDv8t73tbyXxnPziS11magJBOojxC2c&amp;h=AT1fML9_ivB5OqriyGlftfICmI4TbNIrz54Vd_3SgAKo4gpWkpwazMkimqsZy8DmiGOXmLcQud2ba2qGPrGUyQFu3BkKodn-OxGpLwikcdL71ayk36mvP16vGbh1ij2lhg&amp;__tn__=-UK-R&amp;c[0]=AT0yCbHaAZwubqckmfU-umPgklH6JIXYXlO2svDtoI2RnhbzMGKBrGOshcQ_K2F7a20tXy7m-fXzB_pgeDaGetqBfpMNndLPfiUqoitzJQlB0q2T8KFYJZ6RN7suKpZWN6kgKl6SVpDxFdUyMgqzcnK_J4XxUJ928Wc-B8RslXXz0cDCl-OWlNhf9NLGeqdq5R54s4rLfWMmIyYmi0hM0PiaygDaDmp-WkJ_\" rel=\"noreferrer noopener\" target=\"_blank\">https:\/\/open.spotify.com\/show\/5RKbsV13WyyA9wjofjFYWE<\/a><\/p>\n\n\n\n<p><img loading=\"lazy\" decoding=\"async\" height=\"16\" width=\"16\" alt=\"\ud83c\udf4f\" src=\"https:\/\/static.xx.fbcdn.net\/images\/emoji.php\/v9\/tbd\/1\/16\/1f34f.png\"> Ou sur Apple Podcasts : <a href=\"https:\/\/podcasts.apple.com\/fr\/podcast\/rencontres-sonores-association-pontem\/id1676231238\" rel=\"noreferrer noopener\" target=\"_blank\">https:\/\/podcasts.apple.com\/&#8230;\/rencontres&#8230;\/id1676231238<\/a><\/p>\n\n\n\n<p>Ce projet remarquable a mis en lumi\u00e8re la collaboration entre les jeunes du centre social et les personnes \u00e2g\u00e9es de la r\u00e9sidence Adoma L&rsquo;Olivier. Encadr\u00e9 avec passion par l&rsquo;association PONTEM, il a cr\u00e9\u00e9 des liens durables et des souvenirs inoubliables.<\/p>\n\n\n\n<p>Plongez avec nous dans cette aventure humaine captivante et partagez ces instants de complicit\u00e9 interg\u00e9n\u00e9rationnelle ! <img loading=\"lazy\" decoding=\"async\" height=\"16\" width=\"16\" alt=\"\ud83c\udf1f\" src=\"https:\/\/static.xx.fbcdn.net\/images\/emoji.php\/v9\/te0\/1\/16\/1f31f.png\"><img loading=\"lazy\" decoding=\"async\" height=\"16\" width=\"16\" alt=\"\ud83d\udc65\" src=\"https:\/\/static.xx.fbcdn.net\/images\/emoji.php\/v9\/t8b\/1\/16\/1f465.png\"><a href=\"https:\/\/www.facebook.com\/hashtag\/projetinterg%C3%A9n%C3%A9rationnel?__eep__=6&amp;__cft__[0]=AZWWew_kuQ-hyAbBzEeGzmvaaWgnTDnTWxtFqzILx4D86eczb_vCeh77CXKCizLmL7E37K3aaIpS1PXdNQujDKKrUMo_2MoA8ZLohfH9BCLksgt6slbQntMT0jv9uHtWAw8MPxq7Yid4gsUZkAwotuthblDQN2I4PZM6HX6V0j-WXoUXtf5Fk8RojLMH1XqncJKhDt7tOznEmRWTZrsMm-hy&amp;__tn__=*NK-R\">#ProjetInterg\u00e9n\u00e9rationnel<\/a><a href=\"https:\/\/www.facebook.com\/hashtag\/podcasts?__eep__=6&amp;__cft__[0]=AZWWew_kuQ-hyAbBzEeGzmvaaWgnTDnTWxtFqzILx4D86eczb_vCeh77CXKCizLmL7E37K3aaIpS1PXdNQujDKKrUMo_2MoA8ZLohfH9BCLksgt6slbQntMT0jv9uHtWAw8MPxq7Yid4gsUZkAwotuthblDQN2I4PZM6HX6V0j-WXoUXtf5Fk8RojLMH1XqncJKhDt7tOznEmRWTZrsMm-hy&amp;__tn__=*NK-R\">#Podcasts<\/a><a href=\"https:\/\/www.facebook.com\/hashtag\/semainebleue?__eep__=6&amp;__cft__[0]=AZWWew_kuQ-hyAbBzEeGzmvaaWgnTDnTWxtFqzILx4D86eczb_vCeh77CXKCizLmL7E37K3aaIpS1PXdNQujDKKrUMo_2MoA8ZLohfH9BCLksgt6slbQntMT0jv9uHtWAw8MPxq7Yid4gsUZkAwotuthblDQN2I4PZM6HX6V0j-WXoUXtf5Fk8RojLMH1XqncJKhDt7tOznEmRWTZrsMm-hy&amp;__tn__=*NK-R\">#SemaineBleue<\/a><a href=\"https:\/\/www.facebook.com\/hashtag\/vaulxenvelin?__eep__=6&amp;__cft__[0]=AZWWew_kuQ-hyAbBzEeGzmvaaWgnTDnTWxtFqzILx4D86eczb_vCeh77CXKCizLmL7E37K3aaIpS1PXdNQujDKKrUMo_2MoA8ZLohfH9BCLksgt6slbQntMT0jv9uHtWAw8MPxq7Yid4gsUZkAwotuthblDQN2I4PZM6HX6V0j-WXoUXtf5Fk8RojLMH1XqncJKhDt7tOznEmRWTZrsMm-hy&amp;__tn__=*NK-R\">#VaulxEnVelin<\/a><\/p>\n","protected":false},"excerpt":{"rendered":"<div class=\"mh-excerpt\"><p>D\u00e9couvrez les Podcasts : Une plong\u00e9e sonore captivante dans le c\u0153ur d&rsquo;un projet interg\u00e9n\u00e9rationnel ! Nous sommes ravis de partager avec vous une plong\u00e9e sonore <a class=\"mh-excerpt-more\" href=\"http:\/\/www.csgrandvire.fr\/index.php\/2024\/01\/17\/podcasts-intergenerationnels\/\" title=\"Podcasts interg\u00e9n\u00e9rationnels\">[&#8230;]<\/a><\/p>\n<\/div>","protected":false},"author":1,"featured_media":2968,"comment_status":"closed","ping_status":"closed","sticky":false,"template":"","format":"standard","meta":{"sfsi_plus_gutenberg_text_before_share":"","sfsi_plus_gutenberg_show_text_before_share":"","sfsi_plus_gutenberg_icon_type":"","sfsi_plus_gutenberg_icon_alignemt":"","sfsi_plus_gutenburg_max_per_row":"","_exactmetrics_skip_tracking":false,"_exactmetrics_sitenote_active":false,"_exactmetrics_sitenote_note":"","_exactmetrics_sitenote_category":0,"footnotes":""},"categories":[1],"tags":[],"class_list":["post-2967","post","type-post","status-publish","format-standard","has-post-thumbnail","hentry","category-non-classe"],"_links":{"self":[{"href":"http:\/\/www.csgrandvire.fr\/index.php\/wp-json\/wp\/v2\/posts\/2967","targetHints":{"allow":["GET"]}}],"collection":[{"href":"http:\/\/www.csgrandvire.fr\/index.php\/wp-json\/wp\/v2\/posts"}],"about":[{"href":"http:\/\/www.csgrandvire.fr\/index.php\/wp-json\/wp\/v2\/types\/post"}],"author":[{"embeddable":true,"href":"http:\/\/www.csgrandvire.fr\/index.php\/wp-json\/wp\/v2\/users\/1"}],"replies":[{"embeddable":true,"href":"http:\/\/www.csgrandvire.fr\/index.php\/wp-json\/wp\/v2\/comments?post=2967"}],"version-history":[{"count":1,"href":"http:\/\/www.csgrandvire.fr\/index.php\/wp-json\/wp\/v2\/posts\/2967\/revisions"}],"predecessor-version":[{"id":2969,"href":"http:\/\/www.csgrandvire.fr\/index.php\/wp-json\/wp\/v2\/posts\/2967\/revisions\/2969"}],"wp:featuredmedia":[{"embeddable":true,"href":"http:\/\/www.csgrandvire.fr\/index.php\/wp-json\/wp\/v2\/media\/2968"}],"wp:attachment":[{"href":"http:\/\/www.csgrandvire.fr\/index.php\/wp-json\/wp\/v2\/media?parent=2967"}],"wp:term":[{"taxonomy":"category","embeddable":true,"href":"http:\/\/www.csgrandvire.fr\/index.php\/wp-json\/wp\/v2\/categories?post=2967"},{"taxonomy":"post_tag","embeddable":true,"href":"http:\/\/www.csgrandvire.fr\/index.php\/wp-json\/wp\/v2\/tags?post=2967"}],"curies":[{"name":"wp","href":"https:\/\/api.w.org\/{rel}","templated":true}]}}