{"id":2963,"date":"2024-01-27T17:34:04","date_gmt":"2024-01-27T16:34:04","guid":{"rendered":"https:\/\/www.csgrandvire.fr\/?p=2963"},"modified":"2024-01-27T17:34:09","modified_gmt":"2024-01-27T16:34:09","slug":"mobilisation-nationale-des-centres-sociaux","status":"publish","type":"post","link":"http:\/\/www.csgrandvire.fr\/index.php\/2024\/01\/27\/mobilisation-nationale-des-centres-sociaux\/","title":{"rendered":"Mobilisation Nationale des Centres Sociaux"},"content":{"rendered":"\n<p><img loading=\"lazy\" decoding=\"async\" height=\"16\" width=\"16\" alt=\"\ud83d\udce2\" src=\"https:\/\/static.xx.fbcdn.net\/images\/emoji.php\/v9\/t39\/1\/16\/1f4e2.png\"> Le <a href=\"https:\/\/www.facebook.com\/grandvire?__cft__[0]=AZVmItMBRDQ5Hbo9kJrAjxfFOi8LMTtIavgUuCqZSMU3fe3BfhmigKsq9wX83zx8nUckpImUxxnQzFN9KUTg-28DZsQVVoKb_GCXkka0ZRGYS-yExx8zqDOCCbmRSf5Pjwtzbmu2vMGjJPRdJa5pifPTKb0dQpP3TC-kto19xt0ypGxT5Z3RHrYgFp9keO1Yh3I&amp;__tn__=-]K-R\">Centre Social Le Grand Vire<\/a> soutient la mobilisation nationale de la F\u00e9d\u00e9ration nationale des Centre Sociaux ! <img loading=\"lazy\" decoding=\"async\" height=\"16\" width=\"16\" alt=\"\ud83e\udd1d\" src=\"https:\/\/static.xx.fbcdn.net\/images\/emoji.php\/v9\/t64\/1\/16\/1f91d.png\"><img loading=\"lazy\" decoding=\"async\" height=\"16\" width=\"16\" alt=\"\u2728\" src=\"https:\/\/static.xx.fbcdn.net\/images\/emoji.php\/v9\/tf4\/1\/16\/2728.png\"><\/p>\n\n\n\n<p>Les centres sociaux et socioculturels sont des piliers essentiels dans la construction du lien social, le renforcement des solidarit\u00e9s locales, et la promotion d&rsquo;une soci\u00e9t\u00e9 plus juste. Malheureusement, aujourd&rsquo;hui, ces acteurs cruciaux font face \u00e0 des d\u00e9fis de plus en plus grands, alors que la situation sociale se d\u00e9t\u00e9riore.<\/p>\n\n\n\n<p>Bien que des premi\u00e8res mesures <a><\/a>aient \u00e9t\u00e9 prises, elles demeurent insuffisantes pour permettre aux centres sociaux de poursuivre pleinement leurs missions indispensables.<\/p>\n\n\n\n<p><img loading=\"lazy\" decoding=\"async\" height=\"16\" width=\"16\" alt=\"\ud83e\udd32\" src=\"https:\/\/static.xx.fbcdn.net\/images\/emoji.php\/v9\/t70\/1\/16\/1f932.png\"> Nous en appelons \u00e0 la coresponsabilit\u00e9 : il est de notre devoir collectif de r\u00e9pondre aux urgences sur le terrain et de construire des solutions durables \u00e0 la mesure des enjeux de coh\u00e9sion sociale.<\/p>\n\n\n\n<p>Dans le d\u00e9partement du Rh\u00f4ne, deux initiatives sont lanc\u00e9es :<\/p>\n\n\n\n<p><img loading=\"lazy\" decoding=\"async\" height=\"16\" width=\"16\" alt=\"1\ufe0f\u20e3\" src=\"https:\/\/static.xx.fbcdn.net\/images\/emoji.php\/v9\/t7a\/1\/16\/31_20e3.png\"> Venez signer la Carte de soutien aux centres sociaux \u00e0 l&rsquo;accueil du Centre Social le Grand Vire. Votre appui compte et fait la diff\u00e9rence !<\/p>\n\n\n\n<p><img loading=\"lazy\" decoding=\"async\" height=\"16\" width=\"16\" alt=\"2\ufe0f\u20e3\" src=\"https:\/\/static.xx.fbcdn.net\/images\/emoji.php\/v9\/t99\/1\/16\/32_20e3.png\"> Rejoignez-nous pour un rassemblement le 31 janvier devant la pr\u00e9fecture du Rh\u00f4ne, de 14h30 \u00e0 16h30. Ensemble, faisons entendre notre voix pour d\u00e9fendre ces espaces essentiels \u00e0 la vie de nos communaut\u00e9s.<\/p>\n\n\n\n<p>Partagez largement cette publication, invitez vos amis, voisins et partenaires \u00e0 se joindre \u00e0 nous. Ensemble, agissons pour pr\u00e9server nos centres sociaux et construire un avenir solidaire pour tous ! <img loading=\"lazy\" decoding=\"async\" height=\"16\" width=\"16\" alt=\"\ud83c\udf10\" src=\"https:\/\/static.xx.fbcdn.net\/images\/emoji.php\/v9\/taa\/1\/16\/1f310.png\"><img loading=\"lazy\" decoding=\"async\" height=\"16\" width=\"16\" alt=\"\ud83d\udc99\" src=\"https:\/\/static.xx.fbcdn.net\/images\/emoji.php\/v9\/t6c\/1\/16\/1f499.png\"><a href=\"https:\/\/www.facebook.com\/hashtag\/centressociaux?__eep__=6&amp;__cft__[0]=AZVmItMBRDQ5Hbo9kJrAjxfFOi8LMTtIavgUuCqZSMU3fe3BfhmigKsq9wX83zx8nUckpImUxxnQzFN9KUTg-28DZsQVVoKb_GCXkka0ZRGYS-yExx8zqDOCCbmRSf5Pjwtzbmu2vMGjJPRdJa5pifPTKb0dQpP3TC-kto19xt0ypGxT5Z3RHrYgFp9keO1Yh3I&amp;__tn__=*NK-R\">#CentresSociaux<\/a><a href=\"https:\/\/www.facebook.com\/hashtag\/solidarit%C3%A9locale?__eep__=6&amp;__cft__[0]=AZVmItMBRDQ5Hbo9kJrAjxfFOi8LMTtIavgUuCqZSMU3fe3BfhmigKsq9wX83zx8nUckpImUxxnQzFN9KUTg-28DZsQVVoKb_GCXkka0ZRGYS-yExx8zqDOCCbmRSf5Pjwtzbmu2vMGjJPRdJa5pifPTKb0dQpP3TC-kto19xt0ypGxT5Z3RHrYgFp9keO1Yh3I&amp;__tn__=*NK-R\">#Solidarit\u00e9Locale<\/a><a href=\"https:\/\/www.facebook.com\/hashtag\/ensemblepourlacoh%C3%A9sionsociale?__eep__=6&amp;__cft__[0]=AZVmItMBRDQ5Hbo9kJrAjxfFOi8LMTtIavgUuCqZSMU3fe3BfhmigKsq9wX83zx8nUckpImUxxnQzFN9KUTg-28DZsQVVoKb_GCXkka0ZRGYS-yExx8zqDOCCbmRSf5Pjwtzbmu2vMGjJPRdJa5pifPTKb0dQpP3TC-kto19xt0ypGxT5Z3RHrYgFp9keO1Yh3I&amp;__tn__=*NK-R\">#EnsemblePourLaCoh\u00e9sionSociale<\/a><\/p>\n\n\n\n<figure class=\"wp-block-image size-large\"><img loading=\"lazy\" decoding=\"async\" width=\"768\" height=\"1024\" src=\"http:\/\/www.csgrandvire.fr\/wp-content\/uploads\/2024\/01\/1-768x1024.jpg\" alt=\"\" class=\"wp-image-2964\" srcset=\"http:\/\/www.csgrandvire.fr\/wp-content\/uploads\/2024\/01\/1-768x1024.jpg 768w, http:\/\/www.csgrandvire.fr\/wp-content\/uploads\/2024\/01\/1-225x300.jpg 225w, http:\/\/www.csgrandvire.fr\/wp-content\/uploads\/2024\/01\/1-1152x1536.jpg 1152w, http:\/\/www.csgrandvire.fr\/wp-content\/uploads\/2024\/01\/1-1536x2048.jpg 1536w, http:\/\/www.csgrandvire.fr\/wp-content\/uploads\/2024\/01\/1-scaled.jpg 1920w\" sizes=\"auto, (max-width: 768px) 100vw, 768px\" \/><\/figure>\n","protected":false},"excerpt":{"rendered":"<div class=\"mh-excerpt\"><p>Le Centre Social Le Grand Vire soutient la mobilisation nationale de la F\u00e9d\u00e9ration nationale des Centre Sociaux ! Les centres sociaux et socioculturels sont des <a class=\"mh-excerpt-more\" href=\"http:\/\/www.csgrandvire.fr\/index.php\/2024\/01\/27\/mobilisation-nationale-des-centres-sociaux\/\" title=\"Mobilisation Nationale des Centres Sociaux\">[&#8230;]<\/a><\/p>\n<\/div>","protected":false},"author":1,"featured_media":2965,"comment_status":"closed","ping_status":"closed","sticky":false,"template":"","format":"standard","meta":{"sfsi_plus_gutenberg_text_before_share":"","sfsi_plus_gutenberg_show_text_before_share":"","sfsi_plus_gutenberg_icon_type":"","sfsi_plus_gutenberg_icon_alignemt":"","sfsi_plus_gutenburg_max_per_row":"","_exactmetrics_skip_tracking":false,"_exactmetrics_sitenote_active":false,"_exactmetrics_sitenote_note":"","_exactmetrics_sitenote_category":0,"footnotes":""},"categories":[1],"tags":[],"class_list":["post-2963","post","type-post","status-publish","format-standard","has-post-thumbnail","hentry","category-non-classe"],"_links":{"self":[{"href":"http:\/\/www.csgrandvire.fr\/index.php\/wp-json\/wp\/v2\/posts\/2963","targetHints":{"allow":["GET"]}}],"collection":[{"href":"http:\/\/www.csgrandvire.fr\/index.php\/wp-json\/wp\/v2\/posts"}],"about":[{"href":"http:\/\/www.csgrandvire.fr\/index.php\/wp-json\/wp\/v2\/types\/post"}],"author":[{"embeddable":true,"href":"http:\/\/www.csgrandvire.fr\/index.php\/wp-json\/wp\/v2\/users\/1"}],"replies":[{"embeddable":true,"href":"http:\/\/www.csgrandvire.fr\/index.php\/wp-json\/wp\/v2\/comments?post=2963"}],"version-history":[{"count":1,"href":"http:\/\/www.csgrandvire.fr\/index.php\/wp-json\/wp\/v2\/posts\/2963\/revisions"}],"predecessor-version":[{"id":2966,"href":"http:\/\/www.csgrandvire.fr\/index.php\/wp-json\/wp\/v2\/posts\/2963\/revisions\/2966"}],"wp:featuredmedia":[{"embeddable":true,"href":"http:\/\/www.csgrandvire.fr\/index.php\/wp-json\/wp\/v2\/media\/2965"}],"wp:attachment":[{"href":"http:\/\/www.csgrandvire.fr\/index.php\/wp-json\/wp\/v2\/media?parent=2963"}],"wp:term":[{"taxonomy":"category","embeddable":true,"href":"http:\/\/www.csgrandvire.fr\/index.php\/wp-json\/wp\/v2\/categories?post=2963"},{"taxonomy":"post_tag","embeddable":true,"href":"http:\/\/www.csgrandvire.fr\/index.php\/wp-json\/wp\/v2\/tags?post=2963"}],"curies":[{"name":"wp","href":"https:\/\/api.w.org\/{rel}","templated":true}]}}