{"id":2960,"date":"2024-01-24T13:09:00","date_gmt":"2024-01-24T12:09:00","guid":{"rendered":"https:\/\/www.csgrandvire.fr\/?p=2960"},"modified":"2024-01-24T13:09:02","modified_gmt":"2024-01-24T12:09:02","slug":"ceremonie-des-voeux-2024","status":"publish","type":"post","link":"http:\/\/www.csgrandvire.fr\/index.php\/2024\/01\/24\/ceremonie-des-voeux-2024\/","title":{"rendered":"C\u00e9r\u00e9monie des voeux 2024"},"content":{"rendered":"\n<p><img loading=\"lazy\" decoding=\"async\" height=\"16\" width=\"16\" alt=\"\ud83c\udf1f\" src=\"https:\/\/static.xx.fbcdn.net\/images\/emoji.php\/v9\/te0\/1\/16\/1f31f.png\"> Invitation Sp\u00e9ciale <img loading=\"lazy\" decoding=\"async\" height=\"16\" width=\"16\" alt=\"\ud83c\udf1f\" src=\"https:\/\/static.xx.fbcdn.net\/images\/emoji.php\/v9\/te0\/1\/16\/1f31f.png\"><\/p>\n\n\n\n<p>Ch\u00e8res membres, partenaires et amis du Centre social le Grand Vire,<\/p>\n\n\n\n<p>Le Conseil d&rsquo;Administration et toute l&rsquo;\u00e9quipe du Centre social le Grand Vire ont le plaisir de vous inviter \u00e0 notre c\u00e9r\u00e9monie des v\u0153ux pour c\u00e9l\u00e9brer ensemble l&rsquo;arriv\u00e9e de cette nouvelle ann\u00e9e 2024 !<\/p>\n\n\n\n<p><img loading=\"lazy\" decoding=\"async\" height=\"16\" width=\"16\" alt=\"\ud83d\uddd3\ufe0f\" src=\"https:\/\/static.xx.fbcdn.net\/images\/emoji.php\/v9\/t5c\/1\/16\/1f5d3.png\"><a><\/a>Date : Mercredi 31 Janvier 2024<\/p>\n\n\n\n<p><img loading=\"lazy\" decoding=\"async\" height=\"16\" width=\"16\" alt=\"\ud83d\udd60\" src=\"https:\/\/static.xx.fbcdn.net\/images\/emoji.php\/v9\/t47\/1\/16\/1f560.png\"> Heure : \u00c0 partir de 17h30<\/p>\n\n\n\n<p>Nous sommes impatients de partager ce moment de convivialit\u00e9 avec vous, pour \u00e9changer nos v\u0153ux et discuter des projets passionnants qui nous attendent en 2024.<\/p>\n\n\n\n<p>Au plaisir de vous retrouver et de partager ce moment chaleureux !<\/p>\n\n\n\n<p><a href=\"https:\/\/www.facebook.com\/hashtag\/voeux2024?__eep__=6&amp;__cft__[0]=AZXhdKAVOZyyCWaUEfgg2PA1WXZs9WsbeSJ0VSitWg6fIQ3WDOkHbIFu2zKwxKq9QzTCEaa_iKy34HzzlkgvftHgMg_qtcHryYfHD3UHloA14Dklvr_yoRxCVBx90sHdpvIqhaL2YQ01Huc3xyySh2K9z62xPNoVVjEhCudnF2nCkg&amp;__tn__=*NK-R\">#Voeux2024<\/a><a href=\"https:\/\/www.facebook.com\/hashtag\/centresociallegrandvire?__eep__=6&amp;__cft__[0]=AZXhdKAVOZyyCWaUEfgg2PA1WXZs9WsbeSJ0VSitWg6fIQ3WDOkHbIFu2zKwxKq9QzTCEaa_iKy34HzzlkgvftHgMg_qtcHryYfHD3UHloA14Dklvr_yoRxCVBx90sHdpvIqhaL2YQ01Huc3xyySh2K9z62xPNoVVjEhCudnF2nCkg&amp;__tn__=*NK-R\">#CentreSocialLeGrandVire<\/a><a href=\"https:\/\/www.facebook.com\/hashtag\/nouvelleann%C3%A9e?__eep__=6&amp;__cft__[0]=AZXhdKAVOZyyCWaUEfgg2PA1WXZs9WsbeSJ0VSitWg6fIQ3WDOkHbIFu2zKwxKq9QzTCEaa_iKy34HzzlkgvftHgMg_qtcHryYfHD3UHloA14Dklvr_yoRxCVBx90sHdpvIqhaL2YQ01Huc3xyySh2K9z62xPNoVVjEhCudnF2nCkg&amp;__tn__=*NK-R\">#NouvelleAnn\u00e9e<\/a><\/p>\n","protected":false},"excerpt":{"rendered":"<div class=\"mh-excerpt\"><p>Invitation Sp\u00e9ciale Ch\u00e8res membres, partenaires et amis du Centre social le Grand Vire, Le Conseil d&rsquo;Administration et toute l&rsquo;\u00e9quipe du Centre social le Grand Vire <a class=\"mh-excerpt-more\" href=\"http:\/\/www.csgrandvire.fr\/index.php\/2024\/01\/24\/ceremonie-des-voeux-2024\/\" title=\"C\u00e9r\u00e9monie des voeux 2024\">[&#8230;]<\/a><\/p>\n<\/div>","protected":false},"author":1,"featured_media":2961,"comment_status":"closed","ping_status":"closed","sticky":false,"template":"","format":"standard","meta":{"sfsi_plus_gutenberg_text_before_share":"","sfsi_plus_gutenberg_show_text_before_share":"","sfsi_plus_gutenberg_icon_type":"","sfsi_plus_gutenberg_icon_alignemt":"","sfsi_plus_gutenburg_max_per_row":"","_exactmetrics_skip_tracking":false,"_exactmetrics_sitenote_active":false,"_exactmetrics_sitenote_note":"","_exactmetrics_sitenote_category":0,"footnotes":""},"categories":[1],"tags":[],"class_list":["post-2960","post","type-post","status-publish","format-standard","has-post-thumbnail","hentry","category-non-classe"],"_links":{"self":[{"href":"http:\/\/www.csgrandvire.fr\/index.php\/wp-json\/wp\/v2\/posts\/2960","targetHints":{"allow":["GET"]}}],"collection":[{"href":"http:\/\/www.csgrandvire.fr\/index.php\/wp-json\/wp\/v2\/posts"}],"about":[{"href":"http:\/\/www.csgrandvire.fr\/index.php\/wp-json\/wp\/v2\/types\/post"}],"author":[{"embeddable":true,"href":"http:\/\/www.csgrandvire.fr\/index.php\/wp-json\/wp\/v2\/users\/1"}],"replies":[{"embeddable":true,"href":"http:\/\/www.csgrandvire.fr\/index.php\/wp-json\/wp\/v2\/comments?post=2960"}],"version-history":[{"count":1,"href":"http:\/\/www.csgrandvire.fr\/index.php\/wp-json\/wp\/v2\/posts\/2960\/revisions"}],"predecessor-version":[{"id":2962,"href":"http:\/\/www.csgrandvire.fr\/index.php\/wp-json\/wp\/v2\/posts\/2960\/revisions\/2962"}],"wp:featuredmedia":[{"embeddable":true,"href":"http:\/\/www.csgrandvire.fr\/index.php\/wp-json\/wp\/v2\/media\/2961"}],"wp:attachment":[{"href":"http:\/\/www.csgrandvire.fr\/index.php\/wp-json\/wp\/v2\/media?parent=2960"}],"wp:term":[{"taxonomy":"category","embeddable":true,"href":"http:\/\/www.csgrandvire.fr\/index.php\/wp-json\/wp\/v2\/categories?post=2960"},{"taxonomy":"post_tag","embeddable":true,"href":"http:\/\/www.csgrandvire.fr\/index.php\/wp-json\/wp\/v2\/tags?post=2960"}],"curies":[{"name":"wp","href":"https:\/\/api.w.org\/{rel}","templated":true}]}}