{"id":2947,"date":"2024-01-15T17:06:40","date_gmt":"2024-01-15T16:06:40","guid":{"rendered":"https:\/\/www.csgrandvire.fr\/?p=2947"},"modified":"2024-01-15T17:09:30","modified_gmt":"2024-01-15T16:09:30","slug":"atelier-yoga-en-famille","status":"publish","type":"post","link":"http:\/\/www.csgrandvire.fr\/index.php\/2024\/01\/15\/atelier-yoga-en-famille\/","title":{"rendered":"Atelier yoga en famille"},"content":{"rendered":"\n<p><img loading=\"lazy\" decoding=\"async\" height=\"16\" width=\"16\" src=\"https:\/\/static.xx.fbcdn.net\/images\/emoji.php\/v9\/t9b\/1\/16\/1f468_200d_1f469_200d_1f467_200d_1f466.png\" alt=\"\ud83d\udc68\u200d\ud83d\udc69\u200d\ud83d\udc67\u200d\ud83d\udc66\"> Venez participer \u00e0 un moment de d\u00e9tente en famille lors de notre Atelier Yoga Parents Enfants (de 2 \u00e0 8 ans) <img loading=\"lazy\" decoding=\"async\" height=\"16\" width=\"16\" src=\"https:\/\/static.xx.fbcdn.net\/images\/emoji.php\/v9\/td3\/1\/16\/1f9d8_200d_2640.png\" alt=\"\ud83e\uddd8\u200d\u2640\ufe0f\"> le samedi 03 f\u00e9vrier ! Deux cr\u00e9neaux horaires : de 9h \u00e0 10h ou de 10h30 \u00e0 11h30.<\/p>\n\n\n\n<p><img loading=\"lazy\" decoding=\"async\" height=\"16\" width=\"16\" src=\"https:\/\/static.xx.fbcdn.net\/images\/emoji.php\/v9\/tac\/1\/16\/1f4cc.png\" alt=\"\ud83d\udccc\"> N&rsquo;oubliez pas de vous inscrire \u00e0 l&rsquo;accueil du Centre Social. Les places sont limit\u00e9es.<\/p>\n\n\n\n<figure class=\"wp-block-image size-full\"><img loading=\"lazy\" decoding=\"async\" width=\"601\" height=\"848\" src=\"https:\/\/www.csgrandvire.fr\/wp-content\/uploads\/2024\/01\/IMAGE-AFFICHE-YOGA-EN-FAMILLE.jpg\" alt=\"\" class=\"wp-image-2948\" srcset=\"http:\/\/www.csgrandvire.fr\/wp-content\/uploads\/2024\/01\/IMAGE-AFFICHE-YOGA-EN-FAMILLE.jpg 601w, http:\/\/www.csgrandvire.fr\/wp-content\/uploads\/2024\/01\/IMAGE-AFFICHE-YOGA-EN-FAMILLE-213x300.jpg 213w\" sizes=\"auto, (max-width: 601px) 100vw, 601px\" \/><\/figure>\n","protected":false},"excerpt":{"rendered":"<div class=\"mh-excerpt\"><p>Venez participer \u00e0 un moment de d\u00e9tente en famille lors de notre Atelier Yoga Parents Enfants (de 2 \u00e0 8 ans) le samedi 03 f\u00e9vrier <a class=\"mh-excerpt-more\" href=\"http:\/\/www.csgrandvire.fr\/index.php\/2024\/01\/15\/atelier-yoga-en-famille\/\" title=\"Atelier yoga en famille\">[&#8230;]<\/a><\/p>\n<\/div>","protected":false},"author":4,"featured_media":2951,"comment_status":"closed","ping_status":"closed","sticky":false,"template":"","format":"standard","meta":{"sfsi_plus_gutenberg_text_before_share":"","sfsi_plus_gutenberg_show_text_before_share":"","sfsi_plus_gutenberg_icon_type":"","sfsi_plus_gutenberg_icon_alignemt":"","sfsi_plus_gutenburg_max_per_row":"","_exactmetrics_skip_tracking":false,"_exactmetrics_sitenote_active":false,"_exactmetrics_sitenote_note":"","_exactmetrics_sitenote_category":0,"footnotes":""},"categories":[1],"tags":[],"class_list":["post-2947","post","type-post","status-publish","format-standard","has-post-thumbnail","hentry","category-non-classe"],"_links":{"self":[{"href":"http:\/\/www.csgrandvire.fr\/index.php\/wp-json\/wp\/v2\/posts\/2947","targetHints":{"allow":["GET"]}}],"collection":[{"href":"http:\/\/www.csgrandvire.fr\/index.php\/wp-json\/wp\/v2\/posts"}],"about":[{"href":"http:\/\/www.csgrandvire.fr\/index.php\/wp-json\/wp\/v2\/types\/post"}],"author":[{"embeddable":true,"href":"http:\/\/www.csgrandvire.fr\/index.php\/wp-json\/wp\/v2\/users\/4"}],"replies":[{"embeddable":true,"href":"http:\/\/www.csgrandvire.fr\/index.php\/wp-json\/wp\/v2\/comments?post=2947"}],"version-history":[{"count":2,"href":"http:\/\/www.csgrandvire.fr\/index.php\/wp-json\/wp\/v2\/posts\/2947\/revisions"}],"predecessor-version":[{"id":2953,"href":"http:\/\/www.csgrandvire.fr\/index.php\/wp-json\/wp\/v2\/posts\/2947\/revisions\/2953"}],"wp:featuredmedia":[{"embeddable":true,"href":"http:\/\/www.csgrandvire.fr\/index.php\/wp-json\/wp\/v2\/media\/2951"}],"wp:attachment":[{"href":"http:\/\/www.csgrandvire.fr\/index.php\/wp-json\/wp\/v2\/media?parent=2947"}],"wp:term":[{"taxonomy":"category","embeddable":true,"href":"http:\/\/www.csgrandvire.fr\/index.php\/wp-json\/wp\/v2\/categories?post=2947"},{"taxonomy":"post_tag","embeddable":true,"href":"http:\/\/www.csgrandvire.fr\/index.php\/wp-json\/wp\/v2\/tags?post=2947"}],"curies":[{"name":"wp","href":"https:\/\/api.w.org\/{rel}","templated":true}]}}