{"id":2668,"date":"2023-02-27T17:16:10","date_gmt":"2023-02-27T16:16:10","guid":{"rendered":"http:\/\/www.csgrandvire.fr\/?p=2668"},"modified":"2023-02-27T17:16:13","modified_gmt":"2023-02-27T16:16:13","slug":"rencontres-debats","status":"publish","type":"post","link":"http:\/\/www.csgrandvire.fr\/index.php\/2023\/02\/27\/rencontres-debats\/","title":{"rendered":"Rencontres\/d\u00e9bats"},"content":{"rendered":"\n<p>L&rsquo;association Initativ&rsquo;elles vous propose deux rencontres\/d\u00e9bats dans les locaux du Centre Social :<\/p>\n\n\n\n<p><img loading=\"lazy\" decoding=\"async\" height=\"16\" width=\"16\" alt=\"\u25b6\" src=\"https:\/\/static.xx.fbcdn.net\/images\/emoji.php\/v9\/t40\/1\/16\/25b6.png\">Mardi 14 Mars 2023 de 14h \u00e0 16h : Sant\u00e9 et bien \u00eatre des femmes anim\u00e9e par une infirmi\u00e8re de la M\u00e9tropole de Lyon<\/p>\n\n\n\n<p><img loading=\"lazy\" decoding=\"async\" height=\"16\" width=\"16\" alt=\"\u25b6\" src=\"https:\/\/static.xx.fbcdn.net\/images\/emoji.php\/v9\/t40\/1\/16\/25b6.png\">Mercredi 15 mars de 18h \u00e0 20h : Acc\u00e8s aux droits des personnes migrantes par Oumar Dio Juriste sp\u00e9cialis\u00e9 en droit des \u00e9trangers et Berthey Adja Avocat au barreau de Lyon.<\/p>\n\n\n\n<figure class=\"wp-block-image size-large\"><img loading=\"lazy\" decoding=\"async\" width=\"724\" height=\"1024\" src=\"http:\/\/www.csgrandvire.fr\/wp-content\/uploads\/2023\/02\/AFFICHE-EVTS-MALIKA-1-1-724x1024.jpg\" alt=\"\" class=\"wp-image-2670\" srcset=\"http:\/\/www.csgrandvire.fr\/wp-content\/uploads\/2023\/02\/AFFICHE-EVTS-MALIKA-1-1-724x1024.jpg 724w, http:\/\/www.csgrandvire.fr\/wp-content\/uploads\/2023\/02\/AFFICHE-EVTS-MALIKA-1-1-212x300.jpg 212w, http:\/\/www.csgrandvire.fr\/wp-content\/uploads\/2023\/02\/AFFICHE-EVTS-MALIKA-1-1-768x1086.jpg 768w, http:\/\/www.csgrandvire.fr\/wp-content\/uploads\/2023\/02\/AFFICHE-EVTS-MALIKA-1-1-1086x1536.jpg 1086w, http:\/\/www.csgrandvire.fr\/wp-content\/uploads\/2023\/02\/AFFICHE-EVTS-MALIKA-1-1.jpg 1414w\" sizes=\"auto, (max-width: 724px) 100vw, 724px\" \/><\/figure>\n","protected":false},"excerpt":{"rendered":"<div class=\"mh-excerpt\"><p>L&rsquo;association Initativ&rsquo;elles vous propose deux rencontres\/d\u00e9bats dans les locaux du Centre Social : Mardi 14 Mars 2023 de 14h \u00e0 16h : Sant\u00e9 et bien <a class=\"mh-excerpt-more\" href=\"http:\/\/www.csgrandvire.fr\/index.php\/2023\/02\/27\/rencontres-debats\/\" title=\"Rencontres\/d\u00e9bats\">[&#8230;]<\/a><\/p>\n<\/div>","protected":false},"author":1,"featured_media":2671,"comment_status":"closed","ping_status":"open","sticky":false,"template":"","format":"standard","meta":{"sfsi_plus_gutenberg_text_before_share":"","sfsi_plus_gutenberg_show_text_before_share":"","sfsi_plus_gutenberg_icon_type":"","sfsi_plus_gutenberg_icon_alignemt":"","sfsi_plus_gutenburg_max_per_row":"","_exactmetrics_skip_tracking":false,"_exactmetrics_sitenote_active":false,"_exactmetrics_sitenote_note":"","_exactmetrics_sitenote_category":0,"footnotes":""},"categories":[1],"tags":[],"class_list":["post-2668","post","type-post","status-publish","format-standard","has-post-thumbnail","hentry","category-non-classe"],"_links":{"self":[{"href":"http:\/\/www.csgrandvire.fr\/index.php\/wp-json\/wp\/v2\/posts\/2668","targetHints":{"allow":["GET"]}}],"collection":[{"href":"http:\/\/www.csgrandvire.fr\/index.php\/wp-json\/wp\/v2\/posts"}],"about":[{"href":"http:\/\/www.csgrandvire.fr\/index.php\/wp-json\/wp\/v2\/types\/post"}],"author":[{"embeddable":true,"href":"http:\/\/www.csgrandvire.fr\/index.php\/wp-json\/wp\/v2\/users\/1"}],"replies":[{"embeddable":true,"href":"http:\/\/www.csgrandvire.fr\/index.php\/wp-json\/wp\/v2\/comments?post=2668"}],"version-history":[{"count":1,"href":"http:\/\/www.csgrandvire.fr\/index.php\/wp-json\/wp\/v2\/posts\/2668\/revisions"}],"predecessor-version":[{"id":2672,"href":"http:\/\/www.csgrandvire.fr\/index.php\/wp-json\/wp\/v2\/posts\/2668\/revisions\/2672"}],"wp:featuredmedia":[{"embeddable":true,"href":"http:\/\/www.csgrandvire.fr\/index.php\/wp-json\/wp\/v2\/media\/2671"}],"wp:attachment":[{"href":"http:\/\/www.csgrandvire.fr\/index.php\/wp-json\/wp\/v2\/media?parent=2668"}],"wp:term":[{"taxonomy":"category","embeddable":true,"href":"http:\/\/www.csgrandvire.fr\/index.php\/wp-json\/wp\/v2\/categories?post=2668"},{"taxonomy":"post_tag","embeddable":true,"href":"http:\/\/www.csgrandvire.fr\/index.php\/wp-json\/wp\/v2\/tags?post=2668"}],"curies":[{"name":"wp","href":"https:\/\/api.w.org\/{rel}","templated":true}]}}