{"id":2009,"date":"2021-05-03T19:44:00","date_gmt":"2021-05-03T17:44:00","guid":{"rendered":"http:\/\/csgrandvire.fr\/?p=2009"},"modified":"2021-05-03T19:44:33","modified_gmt":"2021-05-03T17:44:33","slug":"reouverture-progressive-du-centre-social-au-public","status":"publish","type":"post","link":"http:\/\/www.csgrandvire.fr\/index.php\/2021\/05\/03\/reouverture-progressive-du-centre-social-au-public\/","title":{"rendered":"R\u00e9ouverture progressive du Centre Social au Public"},"content":{"rendered":"\n<p>Le Centre Social le Grand Vire n&rsquo;a pas \u00e9t\u00e9 ouvert au public du mardi 6 avril 2021 et jusqu\u2019au dimanche 25 avril 2021.<\/p>\n\n\n\n<p>Par cette fermeture, le Conseil d\u2019Administration du Centre Social esp\u00e8re avoir contribu\u00e9 \u00e0 l\u2019effort national pour lutter contre le virus et ainsi prot\u00e9ger au mieux les habitante.es et salari\u00e9.es fr\u00e9quentant notre structure.<\/p>\n\n\n\n<p>Depuis le 26 avril 2021, nous op\u00e9rons a la r\u00e9ouverture progressive des actions du Centre Social :&nbsp;<\/p>\n\n\n\n<ul class=\"wp-block-list\"><li>L\u2019Etablissement d&rsquo;Accueil du Jeune Enfant a r\u00e9ouvert depuis le 26 avril 2021 pour les enfants inscrits en r\u00e9gulier.<\/li><li>L&rsquo;accueil de Loisirs Sans h\u00e9bergement du Mercredis a r\u00e9ouvert depuis le &nbsp;28 avril 2021.<\/li><li>Les Permanences d&rsquo;acc\u00e8s aux droits, et rendez-vous du dispositif VACAF ont repris depuis le 28 avril 2021<\/li><li>Les ateliers d\u2019accompagnement \u00e0 la scolarit\u00e9 reprennent \u00e0 compter du 3 mai 2021 pour l\u2019ensemble des groupes (primaires, coll\u00e8ges, lyc\u00e9es)<\/li><li>L&rsquo;action \u00ab\u00a0Apr\u00e8s la classe en famille\u00a0\u00bb red\u00e9marre \u00e0 partir du 4 mai 2021<\/li><li>Le temps des parents se poursuit en visio \u00e0 compter du 3 mai 2021<\/li><li>Les ateliers d\u2019alphab\u00e9tisation (Alpha 1 et 2) reprennent en pr\u00e9sentiel et demi-groupe \u00e0 compter du 3 mai, les ateliers Fran\u00e7ais Langues \u00e9trang\u00e8res (FLE) se poursuivent sur what\u2019s app jusqu&rsquo;\u00e0 mi-mai.<\/li><\/ul>\n\n\n\n<p>Toute l&rsquo;\u00e9quipe est d\u00e9sormais au travail pour pr\u00e9parer la programmation estivale et r\u00e9-ouvrir, d\u00e8s que les protocoles sanitaires l&rsquo;autorisent, l&rsquo;ensemble des activit\u00e9s de notre association.<\/p>\n\n\n\n<p>Nous restons joignables pour toute information par mail et t\u00e9l\u00e9phone.<\/p>\n\n\n\n<p>Prenez soin de vous et de vos proches.<\/p>\n\n\n\n<p>Le Pr\u00e9sident,<\/p>\n\n\n\n<p>Jaafar GREINCH<\/p>\n","protected":false},"excerpt":{"rendered":"<div class=\"mh-excerpt\"><p>Le Centre Social le Grand Vire n&rsquo;a pas \u00e9t\u00e9 ouvert au public du mardi 6 avril 2021 et jusqu\u2019au dimanche 25 avril 2021. Par cette <a class=\"mh-excerpt-more\" href=\"http:\/\/www.csgrandvire.fr\/index.php\/2021\/05\/03\/reouverture-progressive-du-centre-social-au-public\/\" title=\"R\u00e9ouverture progressive du Centre Social au Public\">[&#8230;]<\/a><\/p>\n<\/div>","protected":false},"author":1,"featured_media":1810,"comment_status":"closed","ping_status":"closed","sticky":false,"template":"","format":"standard","meta":{"sfsi_plus_gutenberg_text_before_share":"","sfsi_plus_gutenberg_show_text_before_share":"","sfsi_plus_gutenberg_icon_type":"","sfsi_plus_gutenberg_icon_alignemt":"","sfsi_plus_gutenburg_max_per_row":"","_exactmetrics_skip_tracking":false,"_exactmetrics_sitenote_active":false,"_exactmetrics_sitenote_note":"","_exactmetrics_sitenote_category":0,"footnotes":""},"categories":[1],"tags":[],"class_list":["post-2009","post","type-post","status-publish","format-standard","has-post-thumbnail","hentry","category-non-classe"],"_links":{"self":[{"href":"http:\/\/www.csgrandvire.fr\/index.php\/wp-json\/wp\/v2\/posts\/2009","targetHints":{"allow":["GET"]}}],"collection":[{"href":"http:\/\/www.csgrandvire.fr\/index.php\/wp-json\/wp\/v2\/posts"}],"about":[{"href":"http:\/\/www.csgrandvire.fr\/index.php\/wp-json\/wp\/v2\/types\/post"}],"author":[{"embeddable":true,"href":"http:\/\/www.csgrandvire.fr\/index.php\/wp-json\/wp\/v2\/users\/1"}],"replies":[{"embeddable":true,"href":"http:\/\/www.csgrandvire.fr\/index.php\/wp-json\/wp\/v2\/comments?post=2009"}],"version-history":[{"count":2,"href":"http:\/\/www.csgrandvire.fr\/index.php\/wp-json\/wp\/v2\/posts\/2009\/revisions"}],"predecessor-version":[{"id":2011,"href":"http:\/\/www.csgrandvire.fr\/index.php\/wp-json\/wp\/v2\/posts\/2009\/revisions\/2011"}],"wp:featuredmedia":[{"embeddable":true,"href":"http:\/\/www.csgrandvire.fr\/index.php\/wp-json\/wp\/v2\/media\/1810"}],"wp:attachment":[{"href":"http:\/\/www.csgrandvire.fr\/index.php\/wp-json\/wp\/v2\/media?parent=2009"}],"wp:term":[{"taxonomy":"category","embeddable":true,"href":"http:\/\/www.csgrandvire.fr\/index.php\/wp-json\/wp\/v2\/categories?post=2009"},{"taxonomy":"post_tag","embeddable":true,"href":"http:\/\/www.csgrandvire.fr\/index.php\/wp-json\/wp\/v2\/tags?post=2009"}],"curies":[{"name":"wp","href":"https:\/\/api.w.org\/{rel}","templated":true}]}}