{"id":1997,"date":"2021-04-08T12:38:17","date_gmt":"2021-04-08T10:38:17","guid":{"rendered":"http:\/\/csgrandvire.fr\/?p=1997"},"modified":"2021-04-08T12:39:09","modified_gmt":"2021-04-08T10:39:09","slug":"fermeture-du-centre-social-au-public-du-6-au-25-avril-2021","status":"publish","type":"post","link":"http:\/\/www.csgrandvire.fr\/index.php\/2021\/04\/08\/fermeture-du-centre-social-au-public-du-6-au-25-avril-2021\/","title":{"rendered":"Fermeture du Centre Social au Public du 6 au 25 avril 2021"},"content":{"rendered":"\n<p>Le Centre Social le Grand Vire ne sera plus ouvert au public \u00e0 partir de mardi 6 avril 2021 et jusqu\u2019au dimanche 25 avril 2021. Par cette fermeture, le Conseil d\u2019Administration du Centre Social esp\u00e8re contribuer \u00e0 l\u2019effort national pour lutter contre le virus et ainsi prot\u00e9ger au mieux les habitante.es et salari\u00e9.es fr\u00e9quentant notre structure.<\/p>\n\n\n\n<p>Durant cette p\u00e9riode aucune activit\u00e9 ne sera maintenue, les activit\u00e9s suivantes seront donc ferm\u00e9es :<\/p>\n\n\n\n<p><img loading=\"lazy\" decoding=\"async\" height=\"16\" width=\"16\" alt=\"\u25b6\" src=\"https:\/\/static.xx.fbcdn.net\/images\/emoji.php\/v9\/t40\/1\/16\/25b6.png\"> L&rsquo;ensemble des activit\u00e9s enfance\/jeunesse (Accueil de Loisirs sans H\u00e9bergement Vacances et mercredis, accueil de jeunes, accompagnement \u00e0 la scolarit\u00e9\u2026)<\/p>\n\n\n\n<p><img loading=\"lazy\" decoding=\"async\" height=\"16\" width=\"16\" alt=\"\u25b6\" src=\"https:\/\/static.xx.fbcdn.net\/images\/emoji.php\/v9\/t40\/1\/16\/25b6.png\"> L&rsquo;ensemble des activit\u00e9s petites enfance (EAJE Couleur Grenadine, ateliers parentalit\u00e9\u2026)<\/p>\n\n\n\n<p><img loading=\"lazy\" decoding=\"async\" height=\"16\" width=\"16\" alt=\"\u25b6\" src=\"https:\/\/static.xx.fbcdn.net\/images\/emoji.php\/v9\/t40\/1\/16\/25b6.png\"> L\u2019ensemble des activit\u00e9s adultes (activit\u00e9s culturelles et sportives, sorties familiales, ateliers d\u2019alphab\u00e9tisation, permanence d\u2019acc\u00e8s aux droits)<\/p>\n\n\n\n<p>L\u2019ensemble des activit\u00e9s ayant fait l\u2019objet d\u2019un paiement seront rembours\u00e9s ou b\u00e9n\u00e9ficieront d\u2019un avoir, un courrier sera envoy\u00e9 au domicile des adh\u00e9rent.es concern\u00e9.es.<\/p>\n\n\n\n<p>Nous restons joignables pour toute information par mail contact@csgrandvire.fr<\/p>\n\n\n\n<p>Nous reviendrons vers vous \u00e0 compter du 26 avril 2021, pour la r\u00e9ouverture progressive de la structure.<\/p>\n\n\n\n<p>Prenez soin de vous et de vos proches.<\/p>\n\n\n\n<p>Le Pr\u00e9sident,<\/p>\n\n\n\n<p>Jaafar GREINCH<\/p>\n","protected":false},"excerpt":{"rendered":"<div class=\"mh-excerpt\"><p>Le Centre Social le Grand Vire ne sera plus ouvert au public \u00e0 partir de mardi 6 avril 2021 et jusqu\u2019au dimanche 25 avril 2021. <a class=\"mh-excerpt-more\" href=\"http:\/\/www.csgrandvire.fr\/index.php\/2021\/04\/08\/fermeture-du-centre-social-au-public-du-6-au-25-avril-2021\/\" title=\"Fermeture du Centre Social au Public du 6 au 25 avril 2021\">[&#8230;]<\/a><\/p>\n<\/div>","protected":false},"author":1,"featured_media":6,"comment_status":"closed","ping_status":"closed","sticky":false,"template":"","format":"standard","meta":{"sfsi_plus_gutenberg_text_before_share":"","sfsi_plus_gutenberg_show_text_before_share":"","sfsi_plus_gutenberg_icon_type":"","sfsi_plus_gutenberg_icon_alignemt":"","sfsi_plus_gutenburg_max_per_row":"","_exactmetrics_skip_tracking":false,"_exactmetrics_sitenote_active":false,"_exactmetrics_sitenote_note":"","_exactmetrics_sitenote_category":0,"footnotes":""},"categories":[1],"tags":[],"class_list":["post-1997","post","type-post","status-publish","format-standard","has-post-thumbnail","hentry","category-non-classe"],"_links":{"self":[{"href":"http:\/\/www.csgrandvire.fr\/index.php\/wp-json\/wp\/v2\/posts\/1997","targetHints":{"allow":["GET"]}}],"collection":[{"href":"http:\/\/www.csgrandvire.fr\/index.php\/wp-json\/wp\/v2\/posts"}],"about":[{"href":"http:\/\/www.csgrandvire.fr\/index.php\/wp-json\/wp\/v2\/types\/post"}],"author":[{"embeddable":true,"href":"http:\/\/www.csgrandvire.fr\/index.php\/wp-json\/wp\/v2\/users\/1"}],"replies":[{"embeddable":true,"href":"http:\/\/www.csgrandvire.fr\/index.php\/wp-json\/wp\/v2\/comments?post=1997"}],"version-history":[{"count":1,"href":"http:\/\/www.csgrandvire.fr\/index.php\/wp-json\/wp\/v2\/posts\/1997\/revisions"}],"predecessor-version":[{"id":1998,"href":"http:\/\/www.csgrandvire.fr\/index.php\/wp-json\/wp\/v2\/posts\/1997\/revisions\/1998"}],"wp:featuredmedia":[{"embeddable":true,"href":"http:\/\/www.csgrandvire.fr\/index.php\/wp-json\/wp\/v2\/media\/6"}],"wp:attachment":[{"href":"http:\/\/www.csgrandvire.fr\/index.php\/wp-json\/wp\/v2\/media?parent=1997"}],"wp:term":[{"taxonomy":"category","embeddable":true,"href":"http:\/\/www.csgrandvire.fr\/index.php\/wp-json\/wp\/v2\/categories?post=1997"},{"taxonomy":"post_tag","embeddable":true,"href":"http:\/\/www.csgrandvire.fr\/index.php\/wp-json\/wp\/v2\/tags?post=1997"}],"curies":[{"name":"wp","href":"https:\/\/api.w.org\/{rel}","templated":true}]}}