{"id":1940,"date":"2021-02-05T16:50:13","date_gmt":"2021-02-05T15:50:13","guid":{"rendered":"http:\/\/csgrandvire.fr\/?p=1940"},"modified":"2021-02-05T16:50:17","modified_gmt":"2021-02-05T15:50:17","slug":"accueil-jeunes-vacances-hiver-2021","status":"publish","type":"post","link":"http:\/\/www.csgrandvire.fr\/index.php\/2021\/02\/05\/accueil-jeunes-vacances-hiver-2021\/","title":{"rendered":"ACCUEIL JEUNES &#8211; VACANCES HIVER 2021"},"content":{"rendered":"\n<p>Tu as entre 14 et 20 ans? <\/p>\n\n\n\n<p>Un ACCUEIL JEUNES a lieu a l&rsquo;espace CARCO pendant les vacances d&rsquo;hiver, <strong>du lundi 8 au vendredi 19 f\u00e9vrier 2021<\/strong>. <\/p>\n\n\n\n<p>Viens nous rejoindre, Antranick sera l\u00e0 pour t&rsquo;accueillir. <\/p>\n\n\n\n<ul class=\"wp-block-list\"><li>Matin : accueil soutien scolaire \u00e0 partir de 9h30<\/li><li>Apr\u00e8s-midi : accueil libre<\/li><\/ul>\n\n\n\n<p>Espace CARCO, 22 rue Robert Desnos \u00e0 Vaulx-en-Velin (3\u00e8me \u00e9tage)<\/p>\n\n\n\n<p>Pour plus d&rsquo;information, contacter Antranick au 04.78.80.73.93 ou 07.68.79.50.62<\/p>\n\n\n\n<figure class=\"wp-block-gallery columns-1 is-cropped wp-block-gallery-1 is-layout-flex wp-block-gallery-is-layout-flex\"><ul class=\"blocks-gallery-grid\"><li class=\"blocks-gallery-item\"><figure><img loading=\"lazy\" decoding=\"async\" width=\"619\" height=\"869\" src=\"http:\/\/csgrandvire.fr\/wp-content\/uploads\/2021\/02\/AFFICHE-JEUNES-HIVER-2021.jpg\" alt=\"\" data-id=\"1941\" data-full-url=\"http:\/\/csgrandvire.fr\/wp-content\/uploads\/2021\/02\/AFFICHE-JEUNES-HIVER-2021.jpg\" data-link=\"http:\/\/csgrandvire.fr\/?attachment_id=1941\" class=\"wp-image-1941\" srcset=\"http:\/\/www.csgrandvire.fr\/wp-content\/uploads\/2021\/02\/AFFICHE-JEUNES-HIVER-2021.jpg 619w, http:\/\/www.csgrandvire.fr\/wp-content\/uploads\/2021\/02\/AFFICHE-JEUNES-HIVER-2021-214x300.jpg 214w\" sizes=\"auto, (max-width: 619px) 100vw, 619px\" \/><\/figure><\/li><\/ul><\/figure>\n","protected":false},"excerpt":{"rendered":"<div class=\"mh-excerpt\"><p>Tu as entre 14 et 20 ans? Un ACCUEIL JEUNES a lieu a l&rsquo;espace CARCO pendant les vacances d&rsquo;hiver, du lundi 8 au vendredi 19 <a class=\"mh-excerpt-more\" href=\"http:\/\/www.csgrandvire.fr\/index.php\/2021\/02\/05\/accueil-jeunes-vacances-hiver-2021\/\" title=\"ACCUEIL JEUNES &#8211; VACANCES HIVER 2021\">[&#8230;]<\/a><\/p>\n<\/div>","protected":false},"author":4,"featured_media":1942,"comment_status":"closed","ping_status":"closed","sticky":false,"template":"","format":"standard","meta":{"sfsi_plus_gutenberg_text_before_share":"","sfsi_plus_gutenberg_show_text_before_share":"","sfsi_plus_gutenberg_icon_type":"","sfsi_plus_gutenberg_icon_alignemt":"","sfsi_plus_gutenburg_max_per_row":"","_exactmetrics_skip_tracking":false,"_exactmetrics_sitenote_active":false,"_exactmetrics_sitenote_note":"","_exactmetrics_sitenote_category":0,"footnotes":""},"categories":[1],"tags":[],"class_list":["post-1940","post","type-post","status-publish","format-standard","has-post-thumbnail","hentry","category-non-classe"],"_links":{"self":[{"href":"http:\/\/www.csgrandvire.fr\/index.php\/wp-json\/wp\/v2\/posts\/1940","targetHints":{"allow":["GET"]}}],"collection":[{"href":"http:\/\/www.csgrandvire.fr\/index.php\/wp-json\/wp\/v2\/posts"}],"about":[{"href":"http:\/\/www.csgrandvire.fr\/index.php\/wp-json\/wp\/v2\/types\/post"}],"author":[{"embeddable":true,"href":"http:\/\/www.csgrandvire.fr\/index.php\/wp-json\/wp\/v2\/users\/4"}],"replies":[{"embeddable":true,"href":"http:\/\/www.csgrandvire.fr\/index.php\/wp-json\/wp\/v2\/comments?post=1940"}],"version-history":[{"count":1,"href":"http:\/\/www.csgrandvire.fr\/index.php\/wp-json\/wp\/v2\/posts\/1940\/revisions"}],"predecessor-version":[{"id":1943,"href":"http:\/\/www.csgrandvire.fr\/index.php\/wp-json\/wp\/v2\/posts\/1940\/revisions\/1943"}],"wp:featuredmedia":[{"embeddable":true,"href":"http:\/\/www.csgrandvire.fr\/index.php\/wp-json\/wp\/v2\/media\/1942"}],"wp:attachment":[{"href":"http:\/\/www.csgrandvire.fr\/index.php\/wp-json\/wp\/v2\/media?parent=1940"}],"wp:term":[{"taxonomy":"category","embeddable":true,"href":"http:\/\/www.csgrandvire.fr\/index.php\/wp-json\/wp\/v2\/categories?post=1940"},{"taxonomy":"post_tag","embeddable":true,"href":"http:\/\/www.csgrandvire.fr\/index.php\/wp-json\/wp\/v2\/tags?post=1940"}],"curies":[{"name":"wp","href":"https:\/\/api.w.org\/{rel}","templated":true}]}}