{"id":1807,"date":"2020-11-06T21:42:19","date_gmt":"2020-11-06T20:42:19","guid":{"rendered":"http:\/\/csgrandvire.fr\/?p=1807"},"modified":"2020-11-20T21:48:06","modified_gmt":"2020-11-20T20:48:06","slug":"fonctionnement-du-centre-social-durant-la-periode-de-confinement","status":"publish","type":"post","link":"http:\/\/www.csgrandvire.fr\/index.php\/2020\/11\/06\/fonctionnement-du-centre-social-durant-la-periode-de-confinement\/","title":{"rendered":"Fonctionnement du Centre Social durant la p\u00e9riode de Confinement"},"content":{"rendered":"\n<p>Le Centre Social le Grand Vire ne sera plus ouvert au public, \u00e0 l\u2019exception des adultes et enfants inscrits sur les activit\u00e9s et actions suivantes :<\/p>\n\n\n\n<p><img loading=\"lazy\" decoding=\"async\" height=\"16\" width=\"16\" alt=\"\u25b6\" src=\"https:\/\/static.xx.fbcdn.net\/images\/emoji.php\/v9\/tc7\/1.5\/16\/25b6.png\"> La cr\u00e8che \u00ab\u00a0EAJE Couleur Grenadine\u00a0\u00bb<\/p>\n\n\n\n<p><img loading=\"lazy\" decoding=\"async\" height=\"16\" width=\"16\" alt=\"\u25b6\" src=\"https:\/\/static.xx.fbcdn.net\/images\/emoji.php\/v9\/tc7\/1.5\/16\/25b6.png\"> L&rsquo;accueil de Loisirs du mercredi<\/p>\n\n\n\n<p><img loading=\"lazy\" decoding=\"async\" height=\"16\" width=\"16\" alt=\"\u25b6\" src=\"https:\/\/static.xx.fbcdn.net\/images\/emoji.php\/v9\/tc7\/1.5\/16\/25b6.png\"> L&rsquo;accompagnement \u00e0 la scolarit\u00e9 primaire, coll\u00e8ge et Lyc\u00e9e.<\/p>\n\n\n\n<p><img loading=\"lazy\" decoding=\"async\" height=\"16\" width=\"16\" alt=\"\u25b6\" src=\"https:\/\/static.xx.fbcdn.net\/images\/emoji.php\/v9\/tc7\/1.5\/16\/25b6.png\"> La livraison mensuelle de l&rsquo;association VRAC<\/p>\n\n\n\n<p><img loading=\"lazy\" decoding=\"async\" height=\"16\" width=\"16\" alt=\"\u25b6\" src=\"https:\/\/static.xx.fbcdn.net\/images\/emoji.php\/v9\/tc7\/1.5\/16\/25b6.png\"> La permanence d&rsquo;acc\u00e8s au droits de l&rsquo;\u00e9crivain public<\/p>\n\n\n\n<p><img loading=\"lazy\" decoding=\"async\" height=\"16\" width=\"16\" alt=\"\u25b6\" src=\"https:\/\/static.xx.fbcdn.net\/images\/emoji.php\/v9\/tc7\/1.5\/16\/25b6.png\"> Les ateliers d&rsquo;alphab\u00e9tisation en groupes r\u00e9duit<\/p>\n\n\n\n<p>Les autres activit\u00e9s sont suspendues \u00e0 partir du 30 octobre 2020 et jusqu\u2019\u00e0 instruction nouvelle. Par cette fermeture, le Conseil d\u2019Administration du Centre Social esp\u00e8re contribuer \u00e0 l\u2019effort national pour lutter contre le virus et ainsi prot\u00e9ger aux mieux les habitant.es et salari\u00e9.es fr\u00e9quentant notre structure.<\/p>\n\n\n\n<p>Mais n\u2019en doutez pas toute l\u2019\u00e9quipe est mobilis\u00e9e pour vous proposer des actions \u00e0 distances, pour rendre la p\u00e9riode actuelle un peu moins difficile.<\/p>\n\n\n\n<p>Plus que jamais, nous serons-l\u00e0 pour faire vivre les valeurs fondatrices des centres sociaux : la dignit\u00e9 humaine, la solidarit\u00e9 et la d\u00e9mocratie.<\/p>\n\n\n\n<p>Prenez soin de vous.<\/p>\n\n\n\n<p><\/p>\n","protected":false},"excerpt":{"rendered":"<div class=\"mh-excerpt\"><p>Le Centre Social le Grand Vire ne sera plus ouvert au public, \u00e0 l\u2019exception des adultes et enfants inscrits sur les activit\u00e9s et actions suivantes <a class=\"mh-excerpt-more\" href=\"http:\/\/www.csgrandvire.fr\/index.php\/2020\/11\/06\/fonctionnement-du-centre-social-durant-la-periode-de-confinement\/\" title=\"Fonctionnement du Centre Social durant la p\u00e9riode de Confinement\">[&#8230;]<\/a><\/p>\n<\/div>","protected":false},"author":1,"featured_media":1810,"comment_status":"closed","ping_status":"closed","sticky":false,"template":"","format":"standard","meta":{"sfsi_plus_gutenberg_text_before_share":"","sfsi_plus_gutenberg_show_text_before_share":"","sfsi_plus_gutenberg_icon_type":"","sfsi_plus_gutenberg_icon_alignemt":"","sfsi_plus_gutenburg_max_per_row":"","_exactmetrics_skip_tracking":false,"_exactmetrics_sitenote_active":false,"_exactmetrics_sitenote_note":"","_exactmetrics_sitenote_category":0,"footnotes":""},"categories":[1],"tags":[],"class_list":["post-1807","post","type-post","status-publish","format-standard","has-post-thumbnail","hentry","category-non-classe"],"_links":{"self":[{"href":"http:\/\/www.csgrandvire.fr\/index.php\/wp-json\/wp\/v2\/posts\/1807","targetHints":{"allow":["GET"]}}],"collection":[{"href":"http:\/\/www.csgrandvire.fr\/index.php\/wp-json\/wp\/v2\/posts"}],"about":[{"href":"http:\/\/www.csgrandvire.fr\/index.php\/wp-json\/wp\/v2\/types\/post"}],"author":[{"embeddable":true,"href":"http:\/\/www.csgrandvire.fr\/index.php\/wp-json\/wp\/v2\/users\/1"}],"replies":[{"embeddable":true,"href":"http:\/\/www.csgrandvire.fr\/index.php\/wp-json\/wp\/v2\/comments?post=1807"}],"version-history":[{"count":3,"href":"http:\/\/www.csgrandvire.fr\/index.php\/wp-json\/wp\/v2\/posts\/1807\/revisions"}],"predecessor-version":[{"id":1865,"href":"http:\/\/www.csgrandvire.fr\/index.php\/wp-json\/wp\/v2\/posts\/1807\/revisions\/1865"}],"wp:featuredmedia":[{"embeddable":true,"href":"http:\/\/www.csgrandvire.fr\/index.php\/wp-json\/wp\/v2\/media\/1810"}],"wp:attachment":[{"href":"http:\/\/www.csgrandvire.fr\/index.php\/wp-json\/wp\/v2\/media?parent=1807"}],"wp:term":[{"taxonomy":"category","embeddable":true,"href":"http:\/\/www.csgrandvire.fr\/index.php\/wp-json\/wp\/v2\/categories?post=1807"},{"taxonomy":"post_tag","embeddable":true,"href":"http:\/\/www.csgrandvire.fr\/index.php\/wp-json\/wp\/v2\/tags?post=1807"}],"curies":[{"name":"wp","href":"https:\/\/api.w.org\/{rel}","templated":true}]}}