{"id":1730,"date":"2020-09-21T14:02:23","date_gmt":"2020-09-21T12:02:23","guid":{"rendered":"http:\/\/csgrandvire.fr\/?p=1730"},"modified":"2020-09-21T14:02:41","modified_gmt":"2020-09-21T12:02:41","slug":"1730","status":"publish","type":"post","link":"http:\/\/www.csgrandvire.fr\/index.php\/2020\/09\/21\/1730\/","title":{"rendered":"ARTA SACRA AU GRAND VIRE"},"content":{"rendered":"\n<p>Le Centre Social Le Grand Vire accueille <strong>le Mardi 29 septembre \u00e0 18h30 le Spectacle conte d\u2019Abidjan par Flopy<\/strong> dans le cadre du festival Arta Sacra de la <a href=\"https:\/\/www.facebook.com\/vaulxenvelinville\/?__cft__[0]=AZVlYIEPdSBhQJFnczO8S97txl3lgUL2yJS77hPU-XoJ0nSLR1_sFFHMNr3iA5Hkw7JFgz5CswTnINg-I1PVbjfcCfggKqToyeIGlIP_xBjLLvw4mQJTqNj0D2lkayQ4qOubvtr2KuEAWUdRyABgHORJD8qO3JJyW7yF9W_uLL31q3nVYfWLeVfqhHK4Mg9YoQo&amp;__tn__=kK-R\">Ville de Vaulx-en-Velin<\/a>.<\/p>\n\n\n\n<p>Flopy d\u00e9poussi\u00e8re l\u2019art du conte et aborde avec sagesse les fl\u00e9aux actuels en nourrissant son travail du riche patrimoine oral traditionnel. Elle est la v\u00e9ritable r\u00e9v\u00e9lation du conte francophone f\u00e9minin nouvelle g\u00e9n\u00e9ration. <\/p>\n\n\n\n<p>Gratuit \/ Sur inscription (Places limit\u00e9es)<\/p>\n\n\n\n<p>R\u00e9servation par mail \u00e0 <span style=\"color:#086297\" class=\"has-inline-color\">contact@csgrandvire.fr<\/span> ou par t\u00e9l\u00e9phone au 04 78 80 73 93<\/p>\n\n\n\n<p>Consultez la page Facebook <a href=\"https:\/\/www.facebook.com\/flopyconteuse\/?__cft__[0]=AZVlYIEPdSBhQJFnczO8S97txl3lgUL2yJS77hPU-XoJ0nSLR1_sFFHMNr3iA5Hkw7JFgz5CswTnINg-I1PVbjfcCfggKqToyeIGlIP_xBjLLvw4mQJTqNj0D2lkayQ4qOubvtr2KuEAWUdRyABgHORJD8qO3JJyW7yF9W_uLL31q3nVYfWLeVfqhHK4Mg9YoQo&amp;__tn__=kK-R\">Flopy, conteuse<\/a><\/p>\n\n\n\n<div class=\"wp-block-image\"><figure class=\"aligncenter size-full\"><img loading=\"lazy\" decoding=\"async\" width=\"623\" height=\"875\" src=\"http:\/\/csgrandvire.fr\/wp-content\/uploads\/2020\/09\/Sans-titre-3.jpg\" alt=\"\" class=\"wp-image-1731\" srcset=\"http:\/\/www.csgrandvire.fr\/wp-content\/uploads\/2020\/09\/Sans-titre-3.jpg 623w, http:\/\/www.csgrandvire.fr\/wp-content\/uploads\/2020\/09\/Sans-titre-3-214x300.jpg 214w\" sizes=\"auto, (max-width: 623px) 100vw, 623px\" \/><\/figure><\/div>\n","protected":false},"excerpt":{"rendered":"<div class=\"mh-excerpt\"><p>Le Centre Social Le Grand Vire accueille le Mardi 29 septembre \u00e0 18h30 le Spectacle conte d\u2019Abidjan par Flopy dans le cadre du festival Arta <a class=\"mh-excerpt-more\" href=\"http:\/\/www.csgrandvire.fr\/index.php\/2020\/09\/21\/1730\/\" title=\"ARTA SACRA AU GRAND VIRE\">[&#8230;]<\/a><\/p>\n<\/div>","protected":false},"author":4,"featured_media":1732,"comment_status":"closed","ping_status":"closed","sticky":false,"template":"","format":"standard","meta":{"sfsi_plus_gutenberg_text_before_share":"","sfsi_plus_gutenberg_show_text_before_share":"","sfsi_plus_gutenberg_icon_type":"","sfsi_plus_gutenberg_icon_alignemt":"","sfsi_plus_gutenburg_max_per_row":"","_exactmetrics_skip_tracking":false,"_exactmetrics_sitenote_active":false,"_exactmetrics_sitenote_note":"","_exactmetrics_sitenote_category":0,"footnotes":""},"categories":[1],"tags":[],"class_list":["post-1730","post","type-post","status-publish","format-standard","has-post-thumbnail","hentry","category-non-classe"],"_links":{"self":[{"href":"http:\/\/www.csgrandvire.fr\/index.php\/wp-json\/wp\/v2\/posts\/1730","targetHints":{"allow":["GET"]}}],"collection":[{"href":"http:\/\/www.csgrandvire.fr\/index.php\/wp-json\/wp\/v2\/posts"}],"about":[{"href":"http:\/\/www.csgrandvire.fr\/index.php\/wp-json\/wp\/v2\/types\/post"}],"author":[{"embeddable":true,"href":"http:\/\/www.csgrandvire.fr\/index.php\/wp-json\/wp\/v2\/users\/4"}],"replies":[{"embeddable":true,"href":"http:\/\/www.csgrandvire.fr\/index.php\/wp-json\/wp\/v2\/comments?post=1730"}],"version-history":[{"count":2,"href":"http:\/\/www.csgrandvire.fr\/index.php\/wp-json\/wp\/v2\/posts\/1730\/revisions"}],"predecessor-version":[{"id":1734,"href":"http:\/\/www.csgrandvire.fr\/index.php\/wp-json\/wp\/v2\/posts\/1730\/revisions\/1734"}],"wp:featuredmedia":[{"embeddable":true,"href":"http:\/\/www.csgrandvire.fr\/index.php\/wp-json\/wp\/v2\/media\/1732"}],"wp:attachment":[{"href":"http:\/\/www.csgrandvire.fr\/index.php\/wp-json\/wp\/v2\/media?parent=1730"}],"wp:term":[{"taxonomy":"category","embeddable":true,"href":"http:\/\/www.csgrandvire.fr\/index.php\/wp-json\/wp\/v2\/categories?post=1730"},{"taxonomy":"post_tag","embeddable":true,"href":"http:\/\/www.csgrandvire.fr\/index.php\/wp-json\/wp\/v2\/tags?post=1730"}],"curies":[{"name":"wp","href":"https:\/\/api.w.org\/{rel}","templated":true}]}}