{"id":1720,"date":"2020-09-18T12:09:11","date_gmt":"2020-09-18T10:09:11","guid":{"rendered":"http:\/\/csgrandvire.fr\/?p=1720"},"modified":"2020-09-18T12:09:19","modified_gmt":"2020-09-18T10:09:19","slug":"inscription-obligatoire-assemblee-generale","status":"publish","type":"post","link":"http:\/\/www.csgrandvire.fr\/index.php\/2020\/09\/18\/inscription-obligatoire-assemblee-generale\/","title":{"rendered":"INSCRIPTION OBLIGATOIRE &#8211;  ASSEMBLEE GENERALE"},"content":{"rendered":"\n<p>Madame, Monsieur,<\/p>\n\n\n\n<p>Le Centre Social le Grand Vire tiendra son Assembl\u00e9e G\u00e9n\u00e9rale ce vendredi 25 septembre 2020 \u00e0 18h .<\/p>\n\n\n\n<p>Compte-tenu de la crise sanitaire actuelle et de la superficie de nos locaux, nous sommes dans l\u2019obligation de limiter le nombre de places.<\/p>\n\n\n\n<p>En cons\u00e9quence un seul repr\u00e9sentant par foyer pourra assister \u00e0 l\u2019Assembl\u00e9e G\u00e9n\u00e9rale et nous vous demandons de vous <strong>inscrire pr\u00e9alablement avant le 25 septembre 2020 \u00e0 12h.<\/strong><\/p>\n\n\n\n<p>Pour cela plusieurs possibilit\u00e9s :<\/p>\n\n\n\n<ul class=\"wp-block-list\"><li>Par internet sur le lien suivant : <a href=\"http:\/\/x54kr.mjt.lu\/lnk\/AGUAAKbAJDAAAAAAAAAAAAJgNwMAAAADwmMAAAAAABFzhQBfZHjn0eVEGM6pSBKjcVv-hnIp8wARh4U\/1\/WH4_PtyyxS89MfyhEoG7oQ\/aHR0cHM6Ly93d3cuaGVsbG9hc3NvLmNvbS9hc3NvY2lhdGlvbnMvY2VudHJlLXNvY2lhbC1sZS1ncmFuZC12aXJlL2V2ZW5lbWVudHMvYXNzZW1ibGVlLWdlbmVyYWxlLTIwMjA\" target=\"_blank\" rel=\"noreferrer noopener\">https:\/\/www.helloasso.com\/associations\/centre-social-le-grand-vire\/evenements\/assemblee-generale-2020<\/a><\/li><li>\u00c0 l\u2019accueil du Centre Social<\/li><li>Par t\u00e9l\u00e9phone au 04.78.80.73.93.<\/li><\/ul>\n\n\n\n<p>Nous vous rappelons \u00e9galement que le port du masque est &nbsp;obligatoire durant le d\u00e9roulement de l\u2019Assembl\u00e9e G\u00e9n\u00e9rale et nous vous invitons \u00e0 privil\u00e9gier l\u2019utilisation des pouvoirs pour les diff\u00e9rents votes.<\/p>\n\n\n\n<p>En raison de cette crise sanitaire, nous nous voyons d\u00e9sol\u00e9s de ne pas pouvoir proposer le traditionnel verre de l\u2019amiti\u00e9 \u00e0 l\u2019issue de la r\u00e9union.<\/p>\n\n\n\n<p>Comptant sur vous pour le respect de ces consignes.<\/p>\n\n\n\n<p>Cordialement,<\/p>\n\n\n\n<p>Le Pr\u00e9sident<\/p>\n\n\n\n<p>Jaafar GREINCH<\/p>\n","protected":false},"excerpt":{"rendered":"<div class=\"mh-excerpt\"><p>Madame, Monsieur, Le Centre Social le Grand Vire tiendra son Assembl\u00e9e G\u00e9n\u00e9rale ce vendredi 25 septembre 2020 \u00e0 18h . Compte-tenu de la crise sanitaire <a class=\"mh-excerpt-more\" href=\"http:\/\/www.csgrandvire.fr\/index.php\/2020\/09\/18\/inscription-obligatoire-assemblee-generale\/\" title=\"INSCRIPTION OBLIGATOIRE &#8211;  ASSEMBLEE GENERALE\">[&#8230;]<\/a><\/p>\n<\/div>","protected":false},"author":1,"featured_media":1718,"comment_status":"closed","ping_status":"closed","sticky":false,"template":"","format":"standard","meta":{"sfsi_plus_gutenberg_text_before_share":"","sfsi_plus_gutenberg_show_text_before_share":"","sfsi_plus_gutenberg_icon_type":"","sfsi_plus_gutenberg_icon_alignemt":"","sfsi_plus_gutenburg_max_per_row":"","_exactmetrics_skip_tracking":false,"_exactmetrics_sitenote_active":false,"_exactmetrics_sitenote_note":"","_exactmetrics_sitenote_category":0,"footnotes":""},"categories":[1],"tags":[],"class_list":["post-1720","post","type-post","status-publish","format-standard","has-post-thumbnail","hentry","category-non-classe"],"_links":{"self":[{"href":"http:\/\/www.csgrandvire.fr\/index.php\/wp-json\/wp\/v2\/posts\/1720","targetHints":{"allow":["GET"]}}],"collection":[{"href":"http:\/\/www.csgrandvire.fr\/index.php\/wp-json\/wp\/v2\/posts"}],"about":[{"href":"http:\/\/www.csgrandvire.fr\/index.php\/wp-json\/wp\/v2\/types\/post"}],"author":[{"embeddable":true,"href":"http:\/\/www.csgrandvire.fr\/index.php\/wp-json\/wp\/v2\/users\/1"}],"replies":[{"embeddable":true,"href":"http:\/\/www.csgrandvire.fr\/index.php\/wp-json\/wp\/v2\/comments?post=1720"}],"version-history":[{"count":1,"href":"http:\/\/www.csgrandvire.fr\/index.php\/wp-json\/wp\/v2\/posts\/1720\/revisions"}],"predecessor-version":[{"id":1721,"href":"http:\/\/www.csgrandvire.fr\/index.php\/wp-json\/wp\/v2\/posts\/1720\/revisions\/1721"}],"wp:featuredmedia":[{"embeddable":true,"href":"http:\/\/www.csgrandvire.fr\/index.php\/wp-json\/wp\/v2\/media\/1718"}],"wp:attachment":[{"href":"http:\/\/www.csgrandvire.fr\/index.php\/wp-json\/wp\/v2\/media?parent=1720"}],"wp:term":[{"taxonomy":"category","embeddable":true,"href":"http:\/\/www.csgrandvire.fr\/index.php\/wp-json\/wp\/v2\/categories?post=1720"},{"taxonomy":"post_tag","embeddable":true,"href":"http:\/\/www.csgrandvire.fr\/index.php\/wp-json\/wp\/v2\/tags?post=1720"}],"curies":[{"name":"wp","href":"https:\/\/api.w.org\/{rel}","templated":true}]}}