{"id":1396,"date":"2020-05-26T16:43:47","date_gmt":"2020-05-26T14:43:47","guid":{"rendered":"http:\/\/csgrandvire.fr\/?p=1396"},"modified":"2020-05-26T18:03:08","modified_gmt":"2020-05-26T16:03:08","slug":"masques-pour-nos-adherent-es","status":"publish","type":"post","link":"http:\/\/www.csgrandvire.fr\/index.php\/2020\/05\/26\/masques-pour-nos-adherent-es\/","title":{"rendered":"MASQUES POUR NOS ADHERENT.ES"},"content":{"rendered":"\n<p>Le Centre Social le Grand Vire va distribuer des masques en tissus \u00e0 ses adh\u00e9rents, <strong>\u00e0 partir du mardi 2 juin<\/strong>.<\/p>\n\n\n\n<p><strong>ATTENTION:<\/strong><\/p>\n\n\n\n<ul class=\"wp-block-list\"><li><strong>2 masques par adh\u00e9sion sur la saison 2019-2020<\/strong> (dans la limite des stocks disponibles)<\/li><li><strong>Une seule personne en m\u00eame temps \u00e0 l&rsquo;accueil<\/strong><\/li><li><strong>Distribution uniquement sur les horaires indiqu\u00e9s<\/strong><\/li><\/ul>\n\n\n\n<p>Horaires d&rsquo;accueil : <\/p>\n\n\n\n<p>Du lundi au vendredi de 9h \u00e0 12h et de 13h30 \u00e0 17h30<\/p>\n\n\n\n<p><\/p>\n\n\n\n<p><a href=\"https:\/\/www.facebook.com\/hashtag\/restezchezvous?source=feed_text&amp;epa=HASHTAG&amp;__xts__%5B0%5D=68.ARBVvgAAKs1CPglQquglxcQ0GCQQKsvjrYk9nlT_6rbIuoVWFhtWXpL_f9LDZlTvFqjkCLSTK54CU3ry-Uf-h0lKQyVP62wWUyLpjqaPB-RIFeWmt9sAe-egVNEK_tddz9Rnk0Bg1UwKfzUORP-myIY4EzOc_AnAyNlpqKEVVpJBXdQNlvWCKwXSk6k-3ZGTkTVkwp9_kvsIMPQ7sRy16Rw3C2p8zBpl6mOuzC4If80jzkSTGzuvoaRIv0DIeII5e5aQ5ebOE-VI1_2ePdx9dvx3uyxrMDv44LxlSXxWbjS3_R4QD0Q7E3Lm5nhllhW1j_msoT4JYUAFIp-JVEZstg&amp;__tn__=%2ANK-R\">#restezchezvous<\/a>&nbsp;et&nbsp;<a href=\"https:\/\/www.facebook.com\/hashtag\/prenezsoindevous?source=feed_text&amp;epa=HASHTAG&amp;__xts__%5B0%5D=68.ARBVvgAAKs1CPglQquglxcQ0GCQQKsvjrYk9nlT_6rbIuoVWFhtWXpL_f9LDZlTvFqjkCLSTK54CU3ry-Uf-h0lKQyVP62wWUyLpjqaPB-RIFeWmt9sAe-egVNEK_tddz9Rnk0Bg1UwKfzUORP-myIY4EzOc_AnAyNlpqKEVVpJBXdQNlvWCKwXSk6k-3ZGTkTVkwp9_kvsIMPQ7sRy16Rw3C2p8zBpl6mOuzC4If80jzkSTGzuvoaRIv0DIeII5e5aQ5ebOE-VI1_2ePdx9dvx3uyxrMDv44LxlSXxWbjS3_R4QD0Q7E3Lm5nhllhW1j_msoT4JYUAFIp-JVEZstg&amp;__tn__=%2ANK-R\">#prenezsoindevous<\/a><\/p>\n\n\n\n<p>L\u2019\u00e9quipe du Centre Social le Grand Vire<\/p>\n\n\n\n<figure class=\"wp-block-image size-large\"><img loading=\"lazy\" decoding=\"async\" width=\"619\" height=\"879\" src=\"http:\/\/csgrandvire.fr\/wp-content\/uploads\/2020\/05\/masques.jpg\" alt=\"\" class=\"wp-image-1398\" srcset=\"http:\/\/www.csgrandvire.fr\/wp-content\/uploads\/2020\/05\/masques.jpg 619w, http:\/\/www.csgrandvire.fr\/wp-content\/uploads\/2020\/05\/masques-211x300.jpg 211w\" sizes=\"auto, (max-width: 619px) 100vw, 619px\" \/><\/figure>\n","protected":false},"excerpt":{"rendered":"<div class=\"mh-excerpt\"><p>Le Centre Social le Grand Vire va distribuer des masques en tissus \u00e0 ses adh\u00e9rents, \u00e0 partir du mardi 2 juin. ATTENTION: 2 masques par <a class=\"mh-excerpt-more\" href=\"http:\/\/www.csgrandvire.fr\/index.php\/2020\/05\/26\/masques-pour-nos-adherent-es\/\" title=\"MASQUES POUR NOS ADHERENT.ES\">[&#8230;]<\/a><\/p>\n<\/div>","protected":false},"author":4,"featured_media":1401,"comment_status":"closed","ping_status":"closed","sticky":false,"template":"","format":"standard","meta":{"sfsi_plus_gutenberg_text_before_share":"","sfsi_plus_gutenberg_show_text_before_share":"","sfsi_plus_gutenberg_icon_type":"","sfsi_plus_gutenberg_icon_alignemt":"","sfsi_plus_gutenburg_max_per_row":"","_exactmetrics_skip_tracking":false,"_exactmetrics_sitenote_active":false,"_exactmetrics_sitenote_note":"","_exactmetrics_sitenote_category":0,"footnotes":""},"categories":[1],"tags":[],"class_list":["post-1396","post","type-post","status-publish","format-standard","has-post-thumbnail","hentry","category-non-classe"],"_links":{"self":[{"href":"http:\/\/www.csgrandvire.fr\/index.php\/wp-json\/wp\/v2\/posts\/1396","targetHints":{"allow":["GET"]}}],"collection":[{"href":"http:\/\/www.csgrandvire.fr\/index.php\/wp-json\/wp\/v2\/posts"}],"about":[{"href":"http:\/\/www.csgrandvire.fr\/index.php\/wp-json\/wp\/v2\/types\/post"}],"author":[{"embeddable":true,"href":"http:\/\/www.csgrandvire.fr\/index.php\/wp-json\/wp\/v2\/users\/4"}],"replies":[{"embeddable":true,"href":"http:\/\/www.csgrandvire.fr\/index.php\/wp-json\/wp\/v2\/comments?post=1396"}],"version-history":[{"count":2,"href":"http:\/\/www.csgrandvire.fr\/index.php\/wp-json\/wp\/v2\/posts\/1396\/revisions"}],"predecessor-version":[{"id":1402,"href":"http:\/\/www.csgrandvire.fr\/index.php\/wp-json\/wp\/v2\/posts\/1396\/revisions\/1402"}],"wp:featuredmedia":[{"embeddable":true,"href":"http:\/\/www.csgrandvire.fr\/index.php\/wp-json\/wp\/v2\/media\/1401"}],"wp:attachment":[{"href":"http:\/\/www.csgrandvire.fr\/index.php\/wp-json\/wp\/v2\/media?parent=1396"}],"wp:term":[{"taxonomy":"category","embeddable":true,"href":"http:\/\/www.csgrandvire.fr\/index.php\/wp-json\/wp\/v2\/categories?post=1396"},{"taxonomy":"post_tag","embeddable":true,"href":"http:\/\/www.csgrandvire.fr\/index.php\/wp-json\/wp\/v2\/tags?post=1396"}],"curies":[{"name":"wp","href":"https:\/\/api.w.org\/{rel}","templated":true}]}}