{"id":1351,"date":"2020-03-23T15:08:00","date_gmt":"2020-03-23T14:08:00","guid":{"rendered":"http:\/\/csgrandvire.fr\/?p=1351"},"modified":"2020-03-30T15:11:05","modified_gmt":"2020-03-30T13:11:05","slug":"la-grande-lessive","status":"publish","type":"post","link":"http:\/\/www.csgrandvire.fr\/index.php\/2020\/03\/23\/la-grande-lessive\/","title":{"rendered":"la grande lessive"},"content":{"rendered":"\n<p>Le Centre Social le Grand Vire a d\u00e9cid\u00e9 de participer \u00e0 la prochaine \u00e9dition de \u00ab la grande lessive \u00bb qui aura lieu le 26 mars.<\/p>\n\n\n\n<p>La grande lessive est un \u00e9v\u00e9nement national qui consiste \u00e0 cr\u00e9er ensemble des dessins, des peintures \u2026 et \u00e0 les accrocher \u00e0 l\u2019aide de pinces \u00e0 linge sur des \u00e9tendages tendus dans des espaces publics ou priv\u00e9s.<\/p>\n\n\n\n<p>Toutefois, en raison de la situation sanitaire actuelle, les \u00e9tendages collectifs sont impossibles mais, qu\u2019\u00e0 cela ne tienne, la journ\u00e9e se transforme et devient&nbsp;\ud83c\udfe0\ud83c\udfe0\u00ab \u00e0 vos fen\u00eatres ! \u00bb.\ud83c\udfe0\ud83c\udfe0<\/p>\n\n\n\n<p>\u2705\u2705CE 26 MARS FLEURISSONS NOS FEN\u00caTRES\u2705\u2705<\/p>\n\n\n\n<p>Vos r\u00e9alisations de format A4 pourront repr\u00e9senter des fleurs au moyen de dessin, de peinture, de photographie, de cr\u00e9ations num\u00e9riques, de pliage, de collages, etc.<br>Vous suspendrez ces r\u00e9alisations aux fen\u00eatres comme nous le ferions pour faire s\u00e9cher du linge. Chaque fil comportera les r\u00e9alisations de la famille orient\u00e9es vers la rue afin de permettre un \u00e9change de fen\u00eatre en fen\u00eatre.<\/p>\n\n\n\n<p>N\u2019h\u00e9sitez pas \u00e9galement \u00e0 nous envoyer des photos de vos r\u00e9alisations !<\/p>\n\n\n\n<p>Plus d\u2019information :\u00a0<a rel=\"noreferrer noopener\" href=\"https:\/\/l.facebook.com\/l.php?u=https%3A%2F%2Fwww.lagrandelessive.net%2Fparticiper%2Fpistes-de-travail%2F%E2%84%B9%E2%84%B9%3Ffbclid%3DIwAR0Eqwlw5GCSkoZZXD4Ew0Kf3XA3YSzELUaRV20kUTbCUqB4LUDnOArIN74&amp;h=AT3mEuKi-8hW10enyzUAJy6G777PLSwCVW0al5sKtq4lwHZmsFunvOdb-QBlNxUlhOe1UW7iHS5aSHhfSOHi5zSRcdCtql1uM8B0uQ6NKo-E0NGm1J4OTapeXtBjNCHktb8snlWO2OJ4doP5cPdAx_i_ulNu-pC1gcDf5hjTIyFyK8aal0BIH54_6lv_Ef5bkPRsav05NCbX4IonOWZO5XcchvFyYZn2wTAEp00hkmKK_dJl2GouT_1NHcDLgmDmPJv3F-8PFnN-FUQTOrCOkkzOsF-ta7FPEHpUhCxyrLJo2Sgf2QnL2r9W164U2wdTFaSECK-p4u4lMfPzIn0C6LtLEG_o3NWBSZTxWpUyMujpZWvN7M_A8aNrUsdszbK3w81QoNFVvx7oIgHDkKkV6sTkMQxkRjW4hELZxsxTFWORpye5h801I9SW4DBJdLU23bSEbmXuUY6blMapxLUsBRAPHyE83DpEls7Pxyq1Q0Oe7-JxgN8-esJASC868mrup-Q1N_NGWELv8HaOcdc2SLXbVQL7FvNYSiwAWN2mr__MTBvAqvr6YyFNTBu_AAdqlhj8S47G4JyoYuhTgBR6pBthyjxLgJBO0JrCjm6QgWx_XHBrYaBiyn7ja8BHjoIbCCXXIZkFm6ALfdVcc87j\" target=\"_blank\">https:\/\/www.lagrandelessive.net\/partic\u2026\/pistes-de-travail\/<\/a><\/p>\n\n\n\n<p>Nous reviendrons prochainement pour vous pr\u00e9senter d\u2019autres initiatives du Centre Social durant la p\u00e9riode.<\/p>\n\n\n\n<p>En attendant,&nbsp;<a href=\"https:\/\/www.facebook.com\/hashtag\/restezchezvous?source=feed_text&amp;epa=HASHTAG&amp;__xts__%5B0%5D=68.ARAdc3QY937f0WZgsEWXgGQLEY-UYgu6dc50V1npGhyF2-9cVXhdBVZoqZek9fGe0XuMF5PPNSfrz5Pa45Ig3x5gWYvmGr-ioiD_LKlcLh66ubOVQDKmReqylKoPRlw0otc3KccxQ6QrDiA1l64RMBoY8CSuh0mSnxndL3XjSyoKuaT5_0-WeZ5xkaBa4dJxPTzU05cTSb8sumyg9k28qzNQiMkocrF7lPIItfgZ5pVs3tabDel19XqzziyEVSU06bhAuvLxUuinLGXC3sZPMIRZcwFiVaOMqqi74Md-U1xbvHY0en2h9eaEvQ2jkaf6WXnvDUsKUFMOqqDboHw3VS4xn12vlWggnQ&amp;__tn__=%2ANK-R\">#restezchezvous<\/a>&nbsp;et&nbsp;<a href=\"https:\/\/www.facebook.com\/hashtag\/prenezsoindevous?source=feed_text&amp;epa=HASHTAG&amp;__xts__%5B0%5D=68.ARAdc3QY937f0WZgsEWXgGQLEY-UYgu6dc50V1npGhyF2-9cVXhdBVZoqZek9fGe0XuMF5PPNSfrz5Pa45Ig3x5gWYvmGr-ioiD_LKlcLh66ubOVQDKmReqylKoPRlw0otc3KccxQ6QrDiA1l64RMBoY8CSuh0mSnxndL3XjSyoKuaT5_0-WeZ5xkaBa4dJxPTzU05cTSb8sumyg9k28qzNQiMkocrF7lPIItfgZ5pVs3tabDel19XqzziyEVSU06bhAuvLxUuinLGXC3sZPMIRZcwFiVaOMqqi74Md-U1xbvHY0en2h9eaEvQ2jkaf6WXnvDUsKUFMOqqDboHw3VS4xn12vlWggnQ&amp;__tn__=%2ANK-R\">#prenezsoindevous<\/a><\/p>\n\n\n\n<p>L&rsquo;\u00e9quipe du Centre Social le Grand Vire<\/p>\n","protected":false},"excerpt":{"rendered":"<div class=\"mh-excerpt\"><p>Le Centre Social le Grand Vire a d\u00e9cid\u00e9 de participer \u00e0 la prochaine \u00e9dition de \u00ab la grande lessive \u00bb qui aura lieu le 26 <a class=\"mh-excerpt-more\" href=\"http:\/\/www.csgrandvire.fr\/index.php\/2020\/03\/23\/la-grande-lessive\/\" title=\"la grande lessive\">[&#8230;]<\/a><\/p>\n<\/div>","protected":false},"author":1,"featured_media":1352,"comment_status":"closed","ping_status":"closed","sticky":false,"template":"","format":"standard","meta":{"sfsi_plus_gutenberg_text_before_share":"","sfsi_plus_gutenberg_show_text_before_share":"","sfsi_plus_gutenberg_icon_type":"","sfsi_plus_gutenberg_icon_alignemt":"","sfsi_plus_gutenburg_max_per_row":"","_exactmetrics_skip_tracking":false,"_exactmetrics_sitenote_active":false,"_exactmetrics_sitenote_note":"","_exactmetrics_sitenote_category":0,"footnotes":""},"categories":[1],"tags":[],"class_list":["post-1351","post","type-post","status-publish","format-standard","has-post-thumbnail","hentry","category-non-classe"],"_links":{"self":[{"href":"http:\/\/www.csgrandvire.fr\/index.php\/wp-json\/wp\/v2\/posts\/1351","targetHints":{"allow":["GET"]}}],"collection":[{"href":"http:\/\/www.csgrandvire.fr\/index.php\/wp-json\/wp\/v2\/posts"}],"about":[{"href":"http:\/\/www.csgrandvire.fr\/index.php\/wp-json\/wp\/v2\/types\/post"}],"author":[{"embeddable":true,"href":"http:\/\/www.csgrandvire.fr\/index.php\/wp-json\/wp\/v2\/users\/1"}],"replies":[{"embeddable":true,"href":"http:\/\/www.csgrandvire.fr\/index.php\/wp-json\/wp\/v2\/comments?post=1351"}],"version-history":[{"count":1,"href":"http:\/\/www.csgrandvire.fr\/index.php\/wp-json\/wp\/v2\/posts\/1351\/revisions"}],"predecessor-version":[{"id":1353,"href":"http:\/\/www.csgrandvire.fr\/index.php\/wp-json\/wp\/v2\/posts\/1351\/revisions\/1353"}],"wp:featuredmedia":[{"embeddable":true,"href":"http:\/\/www.csgrandvire.fr\/index.php\/wp-json\/wp\/v2\/media\/1352"}],"wp:attachment":[{"href":"http:\/\/www.csgrandvire.fr\/index.php\/wp-json\/wp\/v2\/media?parent=1351"}],"wp:term":[{"taxonomy":"category","embeddable":true,"href":"http:\/\/www.csgrandvire.fr\/index.php\/wp-json\/wp\/v2\/categories?post=1351"},{"taxonomy":"post_tag","embeddable":true,"href":"http:\/\/www.csgrandvire.fr\/index.php\/wp-json\/wp\/v2\/tags?post=1351"}],"curies":[{"name":"wp","href":"https:\/\/api.w.org\/{rel}","templated":true}]}}