{"id":1336,"date":"2020-03-13T16:52:51","date_gmt":"2020-03-13T15:52:51","guid":{"rendered":"http:\/\/csgrandvire.fr\/?p=1336"},"modified":"2020-03-16T10:00:51","modified_gmt":"2020-03-16T09:00:51","slug":"suspension-provisoire-des-activites","status":"publish","type":"post","link":"http:\/\/www.csgrandvire.fr\/index.php\/2020\/03\/13\/suspension-provisoire-des-activites\/","title":{"rendered":"FERMETURE DU CENTRE SOCIAL"},"content":{"rendered":"\n<p>Le Centre Social le Grand Vire ne sera plus ouvert au public <strong>\u00e0 partir de lundi 16 mars<\/strong> <strong>et jusqu\u2019\u00e0 instruction nouvelle<\/strong>. <\/p>\n\n\n\n<p>Par cette fermeture, le Conseil d\u2019Administration du Centre Social esp\u00e8re contribuer \u00e0 l\u2019effort national pour lutter contre le virus et ainsi prot\u00e9ger aux mieux les habitante.es et salari\u00e9.es fr\u00e9quentant notre structure.<\/p>\n\n\n\n<p>L\u2019\u00e9quipe reste joignable \u00e0 l\u2019adresse mail et t\u00e9l\u00e9phone\nci-dessous et aussi via les r\u00e9seaux sociaux !<\/p>\n\n\n\n<p>contact@csgrandvire.fr <\/p>\n\n\n\n<p>04.78.80.73.93<\/p>\n\n\n\n<figure class=\"wp-block-image size-large\"><img loading=\"lazy\" decoding=\"async\" width=\"1024\" height=\"724\" src=\"http:\/\/csgrandvire.fr\/wp-content\/uploads\/2020\/03\/fermeture-mars-1-1024x724.jpg\" alt=\"\" class=\"wp-image-1345\" srcset=\"http:\/\/www.csgrandvire.fr\/wp-content\/uploads\/2020\/03\/fermeture-mars-1-1024x724.jpg 1024w, http:\/\/www.csgrandvire.fr\/wp-content\/uploads\/2020\/03\/fermeture-mars-1-300x212.jpg 300w, http:\/\/www.csgrandvire.fr\/wp-content\/uploads\/2020\/03\/fermeture-mars-1-768x543.jpg 768w, http:\/\/www.csgrandvire.fr\/wp-content\/uploads\/2020\/03\/fermeture-mars-1-1536x1086.jpg 1536w, http:\/\/www.csgrandvire.fr\/wp-content\/uploads\/2020\/03\/fermeture-mars-1.jpg 1754w\" sizes=\"auto, (max-width: 1024px) 100vw, 1024px\" \/><\/figure>\n","protected":false},"excerpt":{"rendered":"<div class=\"mh-excerpt\"><p>Le Centre Social le Grand Vire ne sera plus ouvert au public \u00e0 partir de lundi 16 mars et jusqu\u2019\u00e0 instruction nouvelle. Par cette fermeture, <a class=\"mh-excerpt-more\" href=\"http:\/\/www.csgrandvire.fr\/index.php\/2020\/03\/13\/suspension-provisoire-des-activites\/\" title=\"FERMETURE DU CENTRE SOCIAL\">[&#8230;]<\/a><\/p>\n<\/div>","protected":false},"author":4,"featured_media":1344,"comment_status":"closed","ping_status":"closed","sticky":false,"template":"","format":"standard","meta":{"sfsi_plus_gutenberg_text_before_share":"","sfsi_plus_gutenberg_show_text_before_share":"","sfsi_plus_gutenberg_icon_type":"","sfsi_plus_gutenberg_icon_alignemt":"","sfsi_plus_gutenburg_max_per_row":"","_exactmetrics_skip_tracking":false,"_exactmetrics_sitenote_active":false,"_exactmetrics_sitenote_note":"","_exactmetrics_sitenote_category":0,"footnotes":""},"categories":[1],"tags":[],"class_list":["post-1336","post","type-post","status-publish","format-standard","has-post-thumbnail","hentry","category-non-classe"],"_links":{"self":[{"href":"http:\/\/www.csgrandvire.fr\/index.php\/wp-json\/wp\/v2\/posts\/1336","targetHints":{"allow":["GET"]}}],"collection":[{"href":"http:\/\/www.csgrandvire.fr\/index.php\/wp-json\/wp\/v2\/posts"}],"about":[{"href":"http:\/\/www.csgrandvire.fr\/index.php\/wp-json\/wp\/v2\/types\/post"}],"author":[{"embeddable":true,"href":"http:\/\/www.csgrandvire.fr\/index.php\/wp-json\/wp\/v2\/users\/4"}],"replies":[{"embeddable":true,"href":"http:\/\/www.csgrandvire.fr\/index.php\/wp-json\/wp\/v2\/comments?post=1336"}],"version-history":[{"count":3,"href":"http:\/\/www.csgrandvire.fr\/index.php\/wp-json\/wp\/v2\/posts\/1336\/revisions"}],"predecessor-version":[{"id":1346,"href":"http:\/\/www.csgrandvire.fr\/index.php\/wp-json\/wp\/v2\/posts\/1336\/revisions\/1346"}],"wp:featuredmedia":[{"embeddable":true,"href":"http:\/\/www.csgrandvire.fr\/index.php\/wp-json\/wp\/v2\/media\/1344"}],"wp:attachment":[{"href":"http:\/\/www.csgrandvire.fr\/index.php\/wp-json\/wp\/v2\/media?parent=1336"}],"wp:term":[{"taxonomy":"category","embeddable":true,"href":"http:\/\/www.csgrandvire.fr\/index.php\/wp-json\/wp\/v2\/categories?post=1336"},{"taxonomy":"post_tag","embeddable":true,"href":"http:\/\/www.csgrandvire.fr\/index.php\/wp-json\/wp\/v2\/tags?post=1336"}],"curies":[{"name":"wp","href":"https:\/\/api.w.org\/{rel}","templated":true}]}}